{"id":907,"date":"2017-03-14T00:03:10","date_gmt":"2017-03-13T23:03:10","guid":{"rendered":"http:\/\/ursula-schregel.com\/?p=907"},"modified":"2017-03-16T19:50:21","modified_gmt":"2017-03-16T18:50:21","slug":"art-fair-malaga-2017","status":"publish","type":"post","link":"https:\/\/www.ursula-schregel.com\/en\/art-fair-malaga-2017","title":{"rendered":"Ursula Schregel auf der ART FAIR MALAGA 2017"},"content":{"rendered":"<div id=\"pl-907\"  class=\"panel-layout\" ><div id=\"pg-907-0\"  class=\"panel-grid panel-no-style\" ><div id=\"pgc-907-0-0\"  class=\"panel-grid-cell\" ><div id=\"panel-907-0-0-0\" class=\"so-panel widget widget_sow-editor panel-first-child\" data-index=\"0\" ><div\n\t\t\t\n\t\t\tclass=\"so-widget-sow-editor so-widget-sow-editor-base\"\n\t\t\t\n\t\t>\n<div class=\"siteorigin-widget-tinymce textwidget\">\n\t<h3>Zum ersten Mal werde ich in diesem Jahr an einer ausl\u00e4ndischen Messe teilnehmen, der \u201eART FAIR MALAGA 2017\u201c (30. Juni - 2. Juli 2017) und freue mich sehr \u00fcber die Entscheidung des Auswahlgremiums.<\/h3>\n<p>Die \u201eArt Fair M\u00e1laga\u201c ist die zweitgr\u00f6\u00dfte internationale Kunstmesse Spaniens und garantiert einen dementsprechend hohen Qualit\u00e4tsstandard. Sie versteht sich als internationaler Treffpunkt f\u00fcr Galerien, unabh\u00e4ngige aufstrebende K\u00fcnstler und Sammler. Auf \u00fcber 6.000 Quadratmetern\u00a0Ausstellungsfl\u00e4che pr\u00e4sentieren im \u201ePalacio de Ferias y Congresos\u201c, dem Messe- und Kongresszentrum M\u00e1lagas, ingesamt 400 K\u00fcnstler und\u00a050 Galerien ihre Werke.<\/p>\n<p><strong>\u00d6ffnungszeiten:<\/strong><\/p>\n<ul>\n<li>Freitag, 30. Juni:\u00a016\u00a0- 22 Uhr<\/li>\n<li>Samstag, 1. Juli:\u00a014\u00a0- 22 Uhr<\/li>\n<li>Sonntag, 2. Juli: 14\u00a0-\u00a022 Uhr<\/li>\n<\/ul>\n<p><strong>Mehr Infos und kostenfreie Eintrittskarte unter:\u00a0<a href=\"http:\/\/artfairmalaga.com\/en\/\">www.artfairmalaga.com<\/a><\/strong><\/p>\n<hr \/>\n<h4>M\u00e1laga, Stadt der Museen<\/h4>\n<p>M\u00e1laga, die Stadt mit den meisten\u00a0Museen pro Quadratmeter, Hauptstadt der Costa del Sol und eine der \u00e4ltesten St\u00e4dte in Europa, hat sich allm\u00e4hlich zur\u00a0\"Stadt der Museen\" entwickelt. Das Zentrum f\u00fcr zeitgen\u00f6ssische Kunst (CCA), das Carmen Thyssen M\u00e1laga Museum, das Centre Pompidou M\u00e1laga, das Museum der russischen Kunst, das Picasso-Museum M\u00e1laga oder die Picasso-Stiftung Casa Natal, sind nur einige\u00a0Beispiele\u00a0unter vielen anderen.<\/p>\n<h4>Iberia ist der \"Preferred Air Carrier\" der\u00a0ART FAIR MALAGA 2017<\/h4>\n<p>Die Fluggesellschaft Iberia gew\u00e4hrt\u00a0Messebesuchern 10% Rabatt. Um den Rabatt zu erhalten muss am Ende des Bestellprozesses auf\u00a0<a href=\"http:\/\/www.Iberia.com\">www.Iberia.com<\/a> der Promotion-Code \"ARTFAIR\" (in Gro\u00dfbuchstaben) eingegeben werden. G\u00fcltig nur f\u00fcr Reisen ab 5 Tage vor und\u00a0bis zu 5 Tage nach dem Tag der Veranstaltung und nur mit Reiseziel M\u00e1laga.<\/p>\n<\/div>\n<\/div><\/div><div id=\"panel-907-0-0-1\" class=\"so-panel widget widget_sow-image panel-last-child\" data-index=\"1\" ><div\n\t\t\t\n\t\t\tclass=\"so-widget-sow-image so-widget-sow-image-default-8b5b6f678277-907\"\n\t\t\t\n\t\t>\n\n<div class=\"sow-image-container\">\n\t\t<img src=\"https:\/\/www.ursula-schregel.com\/wp-content\/uploads\/2017\/03\/arco-noche-fycma-800.jpg\" width=\"800\" height=\"497\" srcset=\"https:\/\/www.ursula-schregel.com\/wp-content\/uploads\/2017\/03\/arco-noche-fycma-800.jpg 800w, https:\/\/www.ursula-schregel.com\/wp-content\/uploads\/2017\/03\/arco-noche-fycma-800-300x186.jpg 300w, https:\/\/www.ursula-schregel.com\/wp-content\/uploads\/2017\/03\/arco-noche-fycma-800-768x477.jpg 768w\" sizes=\"(max-width: 800px) 100vw, 800px\" title=\"&quot;Palacio de Ferias y Congresos&quot; in M\u00e1laga\" alt=\"Palacio de Ferias y Congresos in M\u00e1laga\" loading=\"lazy\" \t\tclass=\"so-widget-image\"\/>\n\t<\/div>\n\n<h3 class=\"widget-title\">\"Palacio de Ferias y Congresos\" in M\u00e1laga<\/h3><\/div><\/div><\/div><\/div><\/div>","protected":false},"excerpt":{"rendered":"<p>Zum ersten Mal werde ich in diesem Jahr an einer ausl\u00e4ndischen Messe teilnehmen, der \u201eART&#8230;<\/p>\n<div class=\"more-link-wrapper\"><a class=\"more-link\" href=\"https:\/\/www.ursula-schregel.com\/en\/art-fair-malaga-2017\">Read the post<span class=\"screen-reader-text\">Ursula Schregel auf der ART FAIR MALAGA 2017<\/span><\/a><\/div>\n","protected":false},"author":2,"featured_media":915,"comment_status":"closed","ping_status":"closed","sticky":false,"template":"","format":"standard","meta":[],"categories":[1],"tags":[],"translation":{"provider":"WPGlobus","version":"2.12.2","language":"en","enabled_languages":["de","en"],"languages":{"de":{"title":true,"content":true,"excerpt":false},"en":{"title":false,"content":false,"excerpt":false}}},"_links":{"self":[{"href":"https:\/\/www.ursula-schregel.com\/en\/wp-json\/wp\/v2\/posts\/907"}],"collection":[{"href":"https:\/\/www.ursula-schregel.com\/en\/wp-json\/wp\/v2\/posts"}],"about":[{"href":"https:\/\/www.ursula-schregel.com\/en\/wp-json\/wp\/v2\/types\/post"}],"author":[{"embeddable":true,"href":"https:\/\/www.ursula-schregel.com\/en\/wp-json\/wp\/v2\/users\/2"}],"replies":[{"embeddable":true,"href":"https:\/\/www.ursula-schregel.com\/en\/wp-json\/wp\/v2\/comments?post=907"}],"version-history":[{"count":7,"href":"https:\/\/www.ursula-schregel.com\/en\/wp-json\/wp\/v2\/posts\/907\/revisions"}],"predecessor-version":[{"id":920,"href":"https:\/\/www.ursula-schregel.com\/en\/wp-json\/wp\/v2\/posts\/907\/revisions\/920"}],"wp:featuredmedia":[{"embeddable":true,"href":"https:\/\/www.ursula-schregel.com\/en\/wp-json\/wp\/v2\/media\/915"}],"wp:attachment":[{"href":"https:\/\/www.ursula-schregel.com\/en\/wp-json\/wp\/v2\/media?parent=907"}],"wp:term":[{"taxonomy":"category","embeddable":true,"href":"https:\/\/www.ursula-schregel.com\/en\/wp-json\/wp\/v2\/categories?post=907"},{"taxonomy":"post_tag","embeddable":true,"href":"https:\/\/www.ursula-schregel.com\/en\/wp-json\/wp\/v2\/tags?post=907"}],"curies":[{"name":"wp","href":"https:\/\/api.w.org\/{rel}","templated":true}]}}