{"id":690,"date":"2016-09-20T23:44:23","date_gmt":"2016-09-20T21:44:23","guid":{"rendered":"http:\/\/ursula-schregel.com\/?p=690"},"modified":"2016-12-20T20:56:07","modified_gmt":"2016-12-20T18:56:07","slug":"ursula-schregel-bei-der-artpul-emmerich","status":"publish","type":"post","link":"https:\/\/www.ursula-schregel.com\/en\/ursula-schregel-bei-der-artpul-emmerich","title":{"rendered":"Ursula Schregel bei der art&#8217;pu:l Emmerich"},"content":{"rendered":"<p>Von der Jury der art&#8217;pu:l Emmerich wurde ich ausgew\u00e4hlt, um gemeinsam mit anderen K\u00fcnstlern von Freitag den 30.09. bis Montag, den 3.10.2016 in den R\u00e4umen des PAN Museums in Emmerich am Niederrhein auszustellen. Die Messe pr\u00e4sentiert zeitgen\u00f6ssische internationale Kunst und ist ganz bewusst k\u00fcnstlernah gestaltet. Als Plattform f\u00fcr K\u00fcnstlerinnen, K\u00fcnstler und Kunstbetriebe konzipiert wird dabei insbesondere auf den direkten Dialog zwischen den Ausstellern und dem Publikum wert gelegt in einem architektonisch attraktiven Ambiente.<\/p>\n<h3 style=\"text-align: center;\"><strong>\u00a0VERNISSAGE + KUNSTPREISVERLEIHUNG\u00a0\u00a0<\/strong><\/h3>\n<p style=\"text-align: center;\">Freitag, 30. September, 19h<\/p>\n<h3 style=\"text-align: center;\"><strong>\u00d6FFNUNGSZEITEN<\/strong><\/h3>\n<p style=\"text-align: center;\">Samstag, 1. Oktober,<strong>\u00a0<\/strong>11 &#8211; 19h<br \/>\nSonntag, 2. Oktober, 11 &#8211; 19h<br \/>\nMontag, 3. Oktober, 11 &#8211; 18h<\/p>\n<h3 style=\"text-align: center;\"><strong>PROGRAMM<\/strong><\/h3>\n<p style=\"text-align: center;\"><strong>SAMSTAG<\/strong>\u00a017h Messef\u00fchrung Jo Pellenz<\/p>\n<p style=\"text-align: center;\"><strong>SONNTAG\u00a0<\/strong>16h art&#8217;pu:l performing &#8211; Improvisationen zu Kunstwerken<br \/>\n18:30h Messef\u00fchrung Jo Pellenz<br \/>\n20h\u00a0art&#8217;pu:l performing &#8211; Konzert -Tieft\u00f6nende Klangwelten + Unerh\u00f6rtes<\/p>\n<p style=\"text-align: center;\"><strong>MONTAG\u00a0<\/strong>14h Messef\u00fchrung Jo Pellenz<\/p>\n<p style=\"text-align: center;\"><a style=\"font-size: 1em;\" href=\"https:\/\/emmerich.artpul.de\/apem_2016\/\" target=\"_blank\"><strong style=\"font-size: 1em;\">EINTRITT\u00a0<\/strong><span style=\"font-size: 1em;\">Vernissage:10\u20ac &#8211; Tageskarte: 8\u20ac (Kinder bis 14 Jahre Eintritt frei)<\/span><\/a><\/p>\n<figure id=\"attachment_484\" aria-describedby=\"caption-attachment-484\" style=\"width: 500px\" class=\"wp-caption aligncenter\"><a style=\"font-size: 1em;\" href=\"https:\/\/emmerich.artpul.de\/apem_2016\/\" target=\"_blank\"><img decoding=\"async\" loading=\"lazy\" class=\"wp-image-484 size-full\" src=\"http:\/\/ursula-schregel.com\/wp-content\/uploads\/2016\/08\/APEM16_Miniflyer_front_web_retina.jpg\" alt=\"art'pu:l Emmerich\" width=\"500\" height=\"700\" srcset=\"https:\/\/www.ursula-schregel.com\/wp-content\/uploads\/2016\/08\/APEM16_Miniflyer_front_web_retina.jpg 500w, https:\/\/www.ursula-schregel.com\/wp-content\/uploads\/2016\/08\/APEM16_Miniflyer_front_web_retina-214x300.jpg 214w, https:\/\/www.ursula-schregel.com\/wp-content\/uploads\/2016\/08\/APEM16_Miniflyer_front_web_retina-250x350.jpg 250w\" sizes=\"(max-width: 500px) 100vw, 500px\" \/><\/a><figcaption id=\"caption-attachment-484\" class=\"wp-caption-text\">art&#8217;pu:l Emmerich<\/figcaption><\/figure>\n","protected":false},"excerpt":{"rendered":"<p>Von der Jury der art&#8217;pu:l Emmerich wurde ich ausgew\u00e4hlt, um gemeinsam mit anderen K\u00fcnstlern von&#8230;<\/p>\n<div class=\"more-link-wrapper\"><a class=\"more-link\" href=\"https:\/\/www.ursula-schregel.com\/en\/ursula-schregel-bei-der-artpul-emmerich\">Read the post<span class=\"screen-reader-text\">Ursula Schregel bei der art&#8217;pu:l Emmerich<\/span><\/a><\/div>\n","protected":false},"author":2,"featured_media":489,"comment_status":"closed","ping_status":"closed","sticky":false,"template":"","format":"standard","meta":[],"categories":[1],"tags":[],"translation":{"provider":"WPGlobus","version":"2.12.2","language":"en","enabled_languages":["de","en"],"languages":{"de":{"title":true,"content":true,"excerpt":false},"en":{"title":false,"content":false,"excerpt":false}}},"_links":{"self":[{"href":"https:\/\/www.ursula-schregel.com\/en\/wp-json\/wp\/v2\/posts\/690"}],"collection":[{"href":"https:\/\/www.ursula-schregel.com\/en\/wp-json\/wp\/v2\/posts"}],"about":[{"href":"https:\/\/www.ursula-schregel.com\/en\/wp-json\/wp\/v2\/types\/post"}],"author":[{"embeddable":true,"href":"https:\/\/www.ursula-schregel.com\/en\/wp-json\/wp\/v2\/users\/2"}],"replies":[{"embeddable":true,"href":"https:\/\/www.ursula-schregel.com\/en\/wp-json\/wp\/v2\/comments?post=690"}],"version-history":[{"count":4,"href":"https:\/\/www.ursula-schregel.com\/en\/wp-json\/wp\/v2\/posts\/690\/revisions"}],"predecessor-version":[{"id":863,"href":"https:\/\/www.ursula-schregel.com\/en\/wp-json\/wp\/v2\/posts\/690\/revisions\/863"}],"wp:featuredmedia":[{"embeddable":true,"href":"https:\/\/www.ursula-schregel.com\/en\/wp-json\/wp\/v2\/media\/489"}],"wp:attachment":[{"href":"https:\/\/www.ursula-schregel.com\/en\/wp-json\/wp\/v2\/media?parent=690"}],"wp:term":[{"taxonomy":"category","embeddable":true,"href":"https:\/\/www.ursula-schregel.com\/en\/wp-json\/wp\/v2\/categories?post=690"},{"taxonomy":"post_tag","embeddable":true,"href":"https:\/\/www.ursula-schregel.com\/en\/wp-json\/wp\/v2\/tags?post=690"}],"curies":[{"name":"wp","href":"https:\/\/api.w.org\/{rel}","templated":true}]}}