{"id":2549,"date":"2023-07-02T22:21:56","date_gmt":"2023-07-02T20:21:56","guid":{"rendered":"https:\/\/www.ursula-schregel.com\/?p=2549"},"modified":"2023-08-01T19:23:50","modified_gmt":"2023-08-01T17:23:50","slug":"programm-3-kunst-und-kulturtage-niederzier","status":"publish","type":"post","link":"https:\/\/www.ursula-schregel.com\/en\/programm-3-kunst-und-kulturtage-niederzier","title":{"rendered":"Programm: 3. KUNST- UND KULTURTAGE Niederzier"},"content":{"rendered":"<p><strong>Die von Ursula Schregel veranstalteten 3. Kunst- und Kulturtage Niederzier finden vom 11. bis 19. August im Kunsthaus Niederzier statt. Ein vielf\u00e4ltiges Programm, von Kunstausstellung, \u00fcber Kulturtalk, Konzerte bis zu Lesungen und Workshops.<\/strong><\/p>\n\n\n<hr class=\"wp-block-separator has-alpha-channel-opacity\"\/>\n\n\n\n<h2 class=\"wp-block-heading\"><strong>FR 11. AUGUST, 18H&nbsp;VERNISSAGE<\/strong><br>AUSSTELLUNG von URSULA SCHREGEL<\/h2>\n\n\n\n<p><mark style=\"background-color:rgba(0, 0, 0, 0)\" class=\"has-inline-color has-black-color\"><strong>EINF\u00dcHRUNG:<\/strong> <\/mark>Kunsthistorikerin Alexandra Simon-T\u00f6nges, Aachen<\/p>\n\n\n\n<p><strong>KULTURTALK No 3 &#8220;KUNST + WIRTSCHAFT&#8221;:<\/strong><\/p>\n\n\n\n<p><strong>Ursula Schregel<\/strong> im Gespr\u00e4ch mit<\/p>\n\n\n\n<ul>\n<li><strong>Dr. Ulrike  Lehmann<\/strong> \u2013 artcoach und Kunstvermittlerin, D\u00fcsseldorf<\/li>\n\n\n\n<li><strong>Thomas Helfrich<\/strong> \u2013 Leiter BAYER Kultur, Leverkusen<\/li>\n<\/ul>\n\n\n\n<p>Warum f\u00f6rdern Unternehmen Kunst? Warum engagieren sich gro\u00dfe Unternehmen bei der Errichtung von Kunstr\u00e4umen oder eigenen Museen? Ihre wirtschaftliche Situation erlaubt ihnen den Aufbau von publikumsaffinen Sammlungen und den Ankauf hochqualitativer Kunstwerke, die sich viele Museen der \u00f6ffentlichen Hand bei angespannten Kulturetats nicht leisten k\u00f6nnen. Und was sind die Motive der Unternehmen? Sind Kunst und K\u00fcnstler Treibstoff f\u00fcr Teamentwicklung in der betriebsinternen Kommunikation, Kreativit\u00e4tsspritzen f\u00fcr eingefahrene Denkmuster? Geht es um \u201ePrestigekapital\u201c und Kundenpflege und\/oder auch um gesellschaftliche Verantwortung und kulturelle Kompetenz?<\/p>\n\n\n\n<p>Dar\u00fcber redet Ursula Schregel mit ihren G\u00e4sten Thomas Helfrich und Dr. Ulrike Lehmann. Bayer Kultur f\u00f6rdert seit einem Jahrhundert in Nordrhein-Westfalen, Deutschland und international Musik, Theater, Tanz und Bildende Kunst.<\/p>\n\n\n\n<p>Dr. Ulrike Lehmann ist promovierte Kunsthistorikerin, Kunstvermittlerin und PR-Beraterin. Sie war viele Jahre als Kuratorin und Kustodin in gro\u00dfen Museen t\u00e4tig und ist selbst Unternehmerin. Sie ist Herausgeberin des 2017 ver\u00f6ffentlichten Standardwerkes \u201eWirtschaft trifft Kunst\u201c.<\/p>\n\n\n\n<p><strong><mark style=\"background-color:#f78da7\" class=\"has-inline-color has-black-color\">Die Vernissage ist ausgebucht. Gerne k\u00f6nnen Sie sich jedoch unter ursula.schregel@gmail.com auf der Warteliste eintragen lassen mit Name, Adresse und Telefonnummer. Sie werden dann umgehend benachrichtigt, falls es Absagen gibt. <\/mark><\/strong><\/p>\n\n\n\n<hr class=\"wp-block-separator has-alpha-channel-opacity\"\/>\n\n\n\n<h2 class=\"wp-block-heading\"><strong>SO 13. AUGUST, 15H&nbsp;(10\u20ac)&nbsp;SILVER MOON DOGS<\/strong><br>Apr\u00e8s-midi-Konzert<\/h2>\n\n\n\n<p>Das D\u00fcrener Trio \u201eThe Silver Moondogs\u201c hat sich gegr\u00fcndet, um den BEATLES Tribut zu zollen. Doch hierbei handelt es sich nicht um eine gew\u00f6hnliche Coverband. Norman \u201eMonolog\u201c K\u00fcmmel (Leadgesang), Peter \u201ePete Silver\u201c Bernards (Leadgitarre und Gesang) und Osiris \u201eJohnny Monolog\u201c Pausch singen selbst komponierte St\u00fccke im Stil der \u201eFab Four\u201c, in denen sie aus dem Leben der legend\u00e4ren Vier erz\u00e4hlen, \u00fcber ihre Wegbegleiter und von ihren Liebschaften. Aber nat\u00fcrlich darf neben kleinen Anekdoten, der ein oder andere Beatles-Klassiker im mitrei\u00dfenden Programm nicht fehlen. Die \u201eMoondogs\u201c sind drei Vollblutmusiker, die ihre Songs mit viel Witz und Herzblut pr\u00e4sentieren.<\/p>\n\n\n<div class=\"wp-block-image\">\n<figure class=\"aligncenter size-large\"><img decoding=\"async\" loading=\"lazy\" width=\"1024\" height=\"940\" src=\"https:\/\/www.ursula-schregel.com\/wp-content\/uploads\/2023\/07\/Silver-moon-dogs-1024x940.jpeg\" alt=\"\" class=\"wp-image-2554\" srcset=\"https:\/\/www.ursula-schregel.com\/wp-content\/uploads\/2023\/07\/Silver-moon-dogs-1024x940.jpeg 1024w, https:\/\/www.ursula-schregel.com\/wp-content\/uploads\/2023\/07\/Silver-moon-dogs-300x275.jpeg 300w, https:\/\/www.ursula-schregel.com\/wp-content\/uploads\/2023\/07\/Silver-moon-dogs-768x705.jpeg 768w, https:\/\/www.ursula-schregel.com\/wp-content\/uploads\/2023\/07\/Silver-moon-dogs.jpeg 1046w\" sizes=\"(max-width: 1024px) 100vw, 1024px\" \/><\/figure><\/div>\n\n\n<hr class=\"wp-block-separator has-alpha-channel-opacity\"\/>\n\n\n\n<h2 class=\"wp-block-heading\"><strong>MI 16. AUGUST 19H&nbsp;(6\u20ac)&nbsp;BUCH TRIFFT KUNST<\/strong><br>Vorgestellt von Gudrun Kaschluhn<\/h2>\n\n\n\n<p>Gudrun Kaschluhn, ehemalige Buchh\u00e4ndlerin und VHS-Dozentin aus J\u00fclich, f\u00fchrt regelm\u00e4\u00dfig f\u00fcr Bildungseinrichtungen Literaturkreise mit interessanten Buchempfehlungen durch und ermuntert Teilnehmer zum Mitmachen. Dabei versteht sie es hervorragend mit gro\u00dfer Sachkenntnis und unterhaltsamer Moderation ihrem Publikum Literatur nahezubringen. In diesem Jahr dreht sich bei den von ihr ausgesuchten Romanen alles um das Thema Kunst. Man darf auf eine breite und vielversprechende Auswahl gespannt sein.<\/p>\n\n\n\n<figure class=\"wp-block-image size-large\"><img decoding=\"async\" loading=\"lazy\" width=\"1890\" height=\"1063\" src=\"https:\/\/www.ursula-schregel.com\/wp-content\/uploads\/2023\/07\/gudrun-edited.jpg\" alt=\"\" class=\"wp-image-2556\" srcset=\"https:\/\/www.ursula-schregel.com\/wp-content\/uploads\/2023\/07\/gudrun-edited.jpg 1890w, https:\/\/www.ursula-schregel.com\/wp-content\/uploads\/2023\/07\/gudrun-edited-300x169.jpg 300w, https:\/\/www.ursula-schregel.com\/wp-content\/uploads\/2023\/07\/gudrun-edited-1024x576.jpg 1024w, https:\/\/www.ursula-schregel.com\/wp-content\/uploads\/2023\/07\/gudrun-edited-768x432.jpg 768w, https:\/\/www.ursula-schregel.com\/wp-content\/uploads\/2023\/07\/gudrun-edited-1536x864.jpg 1536w\" sizes=\"(max-width: 1890px) 100vw, 1890px\" \/><\/figure>\n\n\n\n<hr class=\"wp-block-separator has-alpha-channel-opacity\"\/>\n\n\n\n<h2 class=\"wp-block-heading\"><strong>T\u00e4glich, 12.-19. AUG., 15H-18H<\/strong><br>AUSSTELLUNG<\/h2>\n\n\n\n<p>Ursula Schregel malt vorwiegend in Acryl und experimentiert mit Mischtechniken, h\u00e4ufig auch unter Einsatz von Graffitispr\u00fchtechniken. Ihre farbintensiven, oft gro\u00dfformatigen Bilder sind abstrakte, informelle Kompositionen. Dabei bietet ihr dieser Ansatz durchaus die M\u00f6glichkeit, dass Themen seismographisch durchscheinen, sich aus dem Unterbewussten auf die Bildoberfl\u00e4che bewegen, wenn sie bestimmte (Welt)-Ereignisse besonders besch\u00e4ftigen. Ihr gestischer Pinselstrich verbindet sich oft mit Fl\u00e4chen und Linien. Kennzeichnend ist immer der energetisch-dynamische Einsatz von Farbe. Dabei werden zahlreiche Farbschichten wieder auf- und abgetragen und neu collagiert. Das Prozesshafte des Malvorgangs steht im Vordergrund. Intuition und Zufall werden zum Impulsgeber.<\/p>\n\n\n\n<p>Die geb\u00fcrtige D\u00fcrenerin lebte lange in Frankreich und wohnt seit vielen Jahren in Niederzier. Nach einem mit Promotion abgeschlossenen Studium der Theaterwissenschaft, Kunstgeschichte und Soziologie arbeitete sie mehrere Jahrzehnte im Theater- und Medienbereich. Ihre k\u00fcnstlerische Ausbildung absolvierte sie an verschiedenen privaten Kunstakademien und nahm Unterricht bei einem Meistersch\u00fcler Gerhard Richters. Inzwischen kann sie auf \u00fcber 30 Ausstellungen zur\u00fcckblicken in Deutschland, \u00d6sterreich, der Schweiz, Belgien, Luxemburg, Frankreich, Spanien, Gro\u00dfbritannien, den USA und im Nahen Osten.<\/p>\n\n\n\n<figure class=\"wp-block-image size-large\"><img decoding=\"async\" loading=\"lazy\" width=\"1024\" height=\"842\" src=\"https:\/\/www.ursula-schregel.com\/wp-content\/uploads\/2023\/07\/Ursula-Schregel-1024x842.jpeg\" alt=\"\" class=\"wp-image-2557\" srcset=\"https:\/\/www.ursula-schregel.com\/wp-content\/uploads\/2023\/07\/Ursula-Schregel-1024x842.jpeg 1024w, https:\/\/www.ursula-schregel.com\/wp-content\/uploads\/2023\/07\/Ursula-Schregel-300x247.jpeg 300w, https:\/\/www.ursula-schregel.com\/wp-content\/uploads\/2023\/07\/Ursula-Schregel-768x631.jpeg 768w, https:\/\/www.ursula-schregel.com\/wp-content\/uploads\/2023\/07\/Ursula-Schregel.jpeg 1168w\" sizes=\"(max-width: 1024px) 100vw, 1024px\" \/><\/figure>\n\n\n\n<hr class=\"wp-block-separator has-alpha-channel-opacity\"\/>\n\n\n\n<h2 class=\"wp-block-heading\"><strong>DO 17. AUGUST 18H<br>ATELIERBESUCH&nbsp;<\/strong><br>mit dem Museumsverein D\u00fcren<\/h2>\n\n\n\n<p>Im Rahmen einer neuen Programmreihe besucht der Museumsverein des D\u00fcrener Leopold-Hoesch-Museums K\u00fcnstlerateliers in der Region und beginnt bei Ursula Schregel. Sie stellt ihre Arbeit vor und zeigt in der Sommerausstellung eine Auswahl ihrer Werke. Die K\u00fcnstlerin freut sich auf einen lebendigen Austausch und inspirierende Gespr\u00e4che mit ihren Besuchern. Den G\u00e4sten werden Getr\u00e4nke und ein kleiner Snack gereicht.<\/p>\n\n\n\n<p><em>Teilnehmerzahl max. 15 Personen. Anmeldung bis 11. August nur \u00fcber kontakt@museumsvereindueren.de Auskunft erteilt Sabine Halver, Tel. 02421\/252558. Teilnehmerbetrag 15\u20ac.<\/em><\/p>\n\n\n\n<p class=\"has-vivid-red-color has-text-color\">Die Veranstaltung ist ausgebucht<\/p>\n\n\n\n<hr class=\"wp-block-separator has-alpha-channel-opacity\"\/>\n\n\n\n<h2 class=\"wp-block-heading\"><strong>Fr 18. AUGUST 19H&nbsp;(10\u20ac)&nbsp;<br>KUNSTBLUT<\/strong><br>Krimilesung mit Musik von und mit Martin Sch\u00fcller<\/h2>\n\n\n\n<p>In der D\u00fcsseldorfer Kunstszene flie\u00dft Blut. Ein Kunststudent l\u00e4uft Amok, der OB stirbt bei einer Vernissage und ein Serienkiller scheint Mord als Kunstform betreiben zu wollen. Eine heikle Konstellation in die Detektiv Jo Kant gegen seinen Willen hineingezogen wird. Eine au\u00dfergew\u00f6hnliche Story, die die Kunstszene und durchaus auch sich selbst mit einigem Humor betrachtet. Der K\u00f6lner Autor Martin Sch\u00fcller hat zahlreiche Kriminalromane und H\u00f6rspiele geschrieben. Er kam \u00fcber die Musik zum Schreiben. Und sie darf nicht fehlen an diesem Abend. Songs zum Thema Schuld und S\u00fchne, vorgetragen zur zw\u00f6lfsaitigen Gitarre, geschrieben von Experten wie Johnny Cash, Bertolt Brecht und ihm selbst.<\/p>\n\n\n\n<figure class=\"wp-block-image size-large\"><img decoding=\"async\" loading=\"lazy\" width=\"717\" height=\"1024\" src=\"https:\/\/www.ursula-schregel.com\/wp-content\/uploads\/2023\/07\/01_Martin_Schueller_Autor_Foto-Th.Schmuelgen-717x1024.jpg\" alt=\"\" class=\"wp-image-2558\" srcset=\"https:\/\/www.ursula-schregel.com\/wp-content\/uploads\/2023\/07\/01_Martin_Schueller_Autor_Foto-Th.Schmuelgen-717x1024.jpg 717w, https:\/\/www.ursula-schregel.com\/wp-content\/uploads\/2023\/07\/01_Martin_Schueller_Autor_Foto-Th.Schmuelgen-210x300.jpg 210w, https:\/\/www.ursula-schregel.com\/wp-content\/uploads\/2023\/07\/01_Martin_Schueller_Autor_Foto-Th.Schmuelgen-768x1098.jpg 768w, https:\/\/www.ursula-schregel.com\/wp-content\/uploads\/2023\/07\/01_Martin_Schueller_Autor_Foto-Th.Schmuelgen-1075x1536.jpg 1075w, https:\/\/www.ursula-schregel.com\/wp-content\/uploads\/2023\/07\/01_Martin_Schueller_Autor_Foto-Th.Schmuelgen.jpg 1417w\" sizes=\"(max-width: 717px) 100vw, 717px\" \/><\/figure>\n\n\n\n<hr class=\"wp-block-separator has-alpha-channel-opacity\"\/>\n\n\n\n<h2 class=\"wp-block-heading\"><strong>SA 19. AUGUST 11-14H <\/strong><br><strong>SCHNUPPERKURS: ACHTUNG AUFTRITT<\/strong><br>Pr\u00e4sentationscoaching mit Marita Breuer<\/h2>\n\n\n\n<p>Ein Mensch betritt den Raum und hat die Aufmerksamkeit von der ersten Minute. Ein Naturtalent? Pr\u00e4senz und Authentizit\u00e4t sind kein Hexenwerk, wenn man sich seiner Stimme und K\u00f6rpersprache bewusst ist und sie gezielt einsetzen kann. Werfen Sie einen Blick in die M\u00f6glichkeiten IHRES Auftritts, IHRER Wirkung. Marita Breuer, Schauspielerin und Pr\u00e4senztrainerin zeigt Ihnen, wie Sie mit einer lebendigen K\u00f6rpersprache Menschen begeistern, \u00fcberzeugen oder ber\u00fchren k\u00f6nnen. Im beruflichen, so wie im privaten Umfeld.<\/p>\n\n\n\n<p><em>Max. 12 Personen. Teilnehmerbetrag 50\u20ac. Anmeldung bis sp\u00e4testens 12. August mit Namen, Adresse und Telefonnummer unter ursula.schregel@gmail.com<\/em><\/p>\n\n\n\n<figure class=\"wp-block-image size-full\"><img decoding=\"async\" loading=\"lazy\" width=\"665\" height=\"643\" src=\"https:\/\/www.ursula-schregel.com\/wp-content\/uploads\/2023\/07\/Marita-Breuer-23.jpg\" alt=\"\" class=\"wp-image-2559\" srcset=\"https:\/\/www.ursula-schregel.com\/wp-content\/uploads\/2023\/07\/Marita-Breuer-23.jpg 665w, https:\/\/www.ursula-schregel.com\/wp-content\/uploads\/2023\/07\/Marita-Breuer-23-300x290.jpg 300w\" sizes=\"(max-width: 665px) 100vw, 665px\" \/><\/figure>\n\n\n\n<hr class=\"wp-block-separator has-alpha-channel-opacity\"\/>\n\n\n\n<h2 class=\"wp-block-heading\" style=\"font-style:normal;font-weight:700\"><strong>SA 19. AUGUST 19H&nbsp;(10\u20ac)&nbsp;<br>SLAM &amp; JAM-SESSION<\/strong><br>-FINISSAGE-<\/h2>\n\n\n\n<p>Keine Slam- und  Jamsession wie man sie kennt. Aber ein vielversprechendes Wort- und Musikprogramm mit Film- und Fernsehschauspielerin Marita Breuer, WDR-Comedian Uli Winters und seiner Rilke-Gang sowie den D\u00fcrener Musikern Peter Bernhards, Dirk Boltersdorf, Osiris Pausch und Tom Schneider.  F\u00fcr den Finissage-Abend  der 3. Kunst- und Kulturtage finden sich die vier Musikprofis zu  einem interessanten Rock-Pop-Mix an diesem Abend erstmalig und einmalig zusammen. im KUNST-GARTEN des KUNSTHAUSES NIEDERZIER. Wir sind sicher, dass auch f\u00fcr Ihren Geschmack etwas dabei ist. Lassen Sie sich \u00fcberraschen.<\/p>\n\n\n\n<figure class=\"wp-block-image size-large\"><img decoding=\"async\" loading=\"lazy\" width=\"1024\" height=\"577\" src=\"https:\/\/www.ursula-schregel.com\/wp-content\/uploads\/2023\/07\/guitars-2912447_1280-Kopie-1024x577.jpg\" alt=\"\" class=\"wp-image-2560\" srcset=\"https:\/\/www.ursula-schregel.com\/wp-content\/uploads\/2023\/07\/guitars-2912447_1280-Kopie-1024x577.jpg 1024w, https:\/\/www.ursula-schregel.com\/wp-content\/uploads\/2023\/07\/guitars-2912447_1280-Kopie-300x169.jpg 300w, https:\/\/www.ursula-schregel.com\/wp-content\/uploads\/2023\/07\/guitars-2912447_1280-Kopie-768x433.jpg 768w, https:\/\/www.ursula-schregel.com\/wp-content\/uploads\/2023\/07\/guitars-2912447_1280-Kopie.jpg 1280w\" sizes=\"(max-width: 1024px) 100vw, 1024px\" \/><\/figure>\n","protected":false},"excerpt":{"rendered":"<p>Die von Ursula Schregel veranstalteten 3. Kunst- und Kulturtage Niederzier finden vom 11. bis 19.&#8230;<\/p>\n<div class=\"more-link-wrapper\"><a class=\"more-link\" href=\"https:\/\/www.ursula-schregel.com\/en\/programm-3-kunst-und-kulturtage-niederzier\">Read the post<span class=\"screen-reader-text\">Programm: 3. KUNST- UND KULTURTAGE Niederzier<\/span><\/a><\/div>\n","protected":false},"author":2,"featured_media":2550,"comment_status":"closed","ping_status":"closed","sticky":false,"template":"","format":"standard","meta":[],"categories":[1],"tags":[],"translation":{"provider":"WPGlobus","version":"2.12.2","language":"en","enabled_languages":["de","en"],"languages":{"de":{"title":true,"content":true,"excerpt":false},"en":{"title":false,"content":false,"excerpt":false}}},"_links":{"self":[{"href":"https:\/\/www.ursula-schregel.com\/en\/wp-json\/wp\/v2\/posts\/2549"}],"collection":[{"href":"https:\/\/www.ursula-schregel.com\/en\/wp-json\/wp\/v2\/posts"}],"about":[{"href":"https:\/\/www.ursula-schregel.com\/en\/wp-json\/wp\/v2\/types\/post"}],"author":[{"embeddable":true,"href":"https:\/\/www.ursula-schregel.com\/en\/wp-json\/wp\/v2\/users\/2"}],"replies":[{"embeddable":true,"href":"https:\/\/www.ursula-schregel.com\/en\/wp-json\/wp\/v2\/comments?post=2549"}],"version-history":[{"count":11,"href":"https:\/\/www.ursula-schregel.com\/en\/wp-json\/wp\/v2\/posts\/2549\/revisions"}],"predecessor-version":[{"id":2575,"href":"https:\/\/www.ursula-schregel.com\/en\/wp-json\/wp\/v2\/posts\/2549\/revisions\/2575"}],"wp:featuredmedia":[{"embeddable":true,"href":"https:\/\/www.ursula-schregel.com\/en\/wp-json\/wp\/v2\/media\/2550"}],"wp:attachment":[{"href":"https:\/\/www.ursula-schregel.com\/en\/wp-json\/wp\/v2\/media?parent=2549"}],"wp:term":[{"taxonomy":"category","embeddable":true,"href":"https:\/\/www.ursula-schregel.com\/en\/wp-json\/wp\/v2\/categories?post=2549"},{"taxonomy":"post_tag","embeddable":true,"href":"https:\/\/www.ursula-schregel.com\/en\/wp-json\/wp\/v2\/tags?post=2549"}],"curies":[{"name":"wp","href":"https:\/\/api.w.org\/{rel}","templated":true}]}}