{"id":2357,"date":"2021-10-11T23:48:00","date_gmt":"2021-10-11T21:48:00","guid":{"rendered":"https:\/\/www.ursula-schregel.com\/?p=2357"},"modified":"2021-10-12T23:49:46","modified_gmt":"2021-10-12T21:49:46","slug":"der-messeherbst-beginnt-ursula-schregel-in-frankfurt-und-bruessel","status":"publish","type":"post","link":"https:\/\/www.ursula-schregel.com\/en\/der-messeherbst-beginnt-ursula-schregel-in-frankfurt-und-bruessel","title":{"rendered":"Der Messeherbst beginnt: Ursula Schregel in Frankfurt und Br\u00fcssel"},"content":{"rendered":"<h2>Frankfurt<\/h2>\n<p><strong>Zum vierten Mal pr\u00e4sentiert die discoveryartfair Frankfurt vom 4. bis 7. November junge, zeitgen\u00f6ssische innovative Kunst.<\/strong> Ursula Schregel freut sich von der Fachjury wieder f\u00fcr die Teilnahme ausgew\u00e4hlt worden zu sein. Sie ist zum zweiten Mal mit von der Partie und mit eigenem Stand (D11) und neuen Werken auf dem Frankfurter Messegel\u00e4nde vertreten. In der neuen 2018 fertig gestellten Halle 12 zeigen 130 Ausstellerinnen und Aussteller ein breites und qualitativ hohes k\u00fcnstlerisches Niveau f\u00fcr Kunstinteressierte ebenso wie f\u00fcr Sammler und Erstk\u00e4ufer.<\/p>\n<figure id=\"attachment_2360\" aria-describedby=\"caption-attachment-2360\" style=\"width: 300px\" class=\"wp-caption alignright\"><img decoding=\"async\" loading=\"lazy\" class=\"size-medium wp-image-2360\" src=\"https:\/\/www.ursula-schregel.com\/wp-content\/uploads\/2021\/10\/Kabul-300x243.jpg\" alt=\"Ursula Schregel, Kabul, 2021, Acryl und Tape auf Leinwand, 100x120cm\" width=\"300\" height=\"243\" srcset=\"https:\/\/www.ursula-schregel.com\/wp-content\/uploads\/2021\/10\/Kabul-300x243.jpg 300w, https:\/\/www.ursula-schregel.com\/wp-content\/uploads\/2021\/10\/Kabul-1024x828.jpg 1024w, https:\/\/www.ursula-schregel.com\/wp-content\/uploads\/2021\/10\/Kabul-768x621.jpg 768w, https:\/\/www.ursula-schregel.com\/wp-content\/uploads\/2021\/10\/Kabul-1536x1242.jpg 1536w, https:\/\/www.ursula-schregel.com\/wp-content\/uploads\/2021\/10\/Kabul-2048x1656.jpg 2048w\" sizes=\"(max-width: 300px) 100vw, 300px\" \/><figcaption id=\"caption-attachment-2360\" class=\"wp-caption-text\">Ursula Schregel, Kabul, 2021, Acryl und Tape auf Leinwand, 100x120cm<\/figcaption><\/figure>\n<p><strong>OPENING (nur f\u00fcr geladene G\u00e4ste)<\/strong><br \/>Donnerstag 4. November 16-22h<\/p>\n<p><strong>\u00d6FFNUNGSZEITEN<\/strong><br \/>Fr-Sa 11-20h<br \/>So 11-18h<\/p>\n<p><strong>EINTRITT<br \/><\/strong>Tagesticket: 20 \u20ac (inkl. Katalog)<br \/>Erm\u00e4\u00dfigt: 15 \u20ac<br \/>Weiterer Katalog: 5 \u20ac<\/p>\n<p><strong>ORT<\/strong><br \/>Messe Frankfurt, Halle 12<br \/>Ludwig-Erhard-Anlage<br \/>60327 Frankfurt am Main<\/p>\n<p>\u00a0<\/p>\n<h2>Br\u00fcssel<\/h2>\n<p>\u00a0<\/p>\n<figure id=\"attachment_2364\" aria-describedby=\"caption-attachment-2364\" style=\"width: 1024px\" class=\"wp-caption alignnone\"><img decoding=\"async\" loading=\"lazy\" class=\"wp-image-2364 size-large\" src=\"https:\/\/www.ursula-schregel.com\/wp-content\/uploads\/2021\/10\/art3f-bruessel-1024x768.jpg\" alt=\"art3f Br\u00fcssel\" width=\"1024\" height=\"768\" srcset=\"https:\/\/www.ursula-schregel.com\/wp-content\/uploads\/2021\/10\/art3f-bruessel-1024x768.jpg 1024w, https:\/\/www.ursula-schregel.com\/wp-content\/uploads\/2021\/10\/art3f-bruessel-300x225.jpg 300w, https:\/\/www.ursula-schregel.com\/wp-content\/uploads\/2021\/10\/art3f-bruessel-768x576.jpg 768w, https:\/\/www.ursula-schregel.com\/wp-content\/uploads\/2021\/10\/art3f-bruessel.jpg 1280w\" sizes=\"(max-width: 1024px) 100vw, 1024px\" \/><figcaption id=\"caption-attachment-2364\" class=\"wp-caption-text\">art3f Br\u00fcssel<\/figcaption><\/figure>\n<p><strong>Kaum drei Wochen sp\u00e4ter geht es f\u00fcr Ursula Schregel in die Europa-Hauptstadt Br\u00fcssel.<\/strong> Vom 26.-28. November findet man sie mit ihrem Stand im Br\u00fcsseler Ausstellungspalast im Palais 1 auf dem Messegel\u00e4nde Expo-Heysel. Die kosmopolitische Metropole gilt inzwischen als das neue Zentrum der zeitgen\u00f6ssischen Kunst. Auf mehr als 6.000qm pr\u00e4sentieren sich internationale K\u00fcnstler und renommierte Galerien.<\/p>\n<figure id=\"attachment_2367\" aria-describedby=\"caption-attachment-2367\" style=\"width: 300px\" class=\"wp-caption alignright\"><img decoding=\"async\" loading=\"lazy\" class=\"size-medium wp-image-2367\" src=\"https:\/\/www.ursula-schregel.com\/wp-content\/uploads\/2021\/10\/BRUXELLES-Messepalast-300x199.jpg\" alt=\"BRUXELLES Messepalast\" width=\"300\" height=\"199\" srcset=\"https:\/\/www.ursula-schregel.com\/wp-content\/uploads\/2021\/10\/BRUXELLES-Messepalast-300x199.jpg 300w, https:\/\/www.ursula-schregel.com\/wp-content\/uploads\/2021\/10\/BRUXELLES-Messepalast-1024x680.jpg 1024w, https:\/\/www.ursula-schregel.com\/wp-content\/uploads\/2021\/10\/BRUXELLES-Messepalast-768x510.jpg 768w, https:\/\/www.ursula-schregel.com\/wp-content\/uploads\/2021\/10\/BRUXELLES-Messepalast.jpg 1286w\" sizes=\"(max-width: 300px) 100vw, 300px\" \/><figcaption id=\"caption-attachment-2367\" class=\"wp-caption-text\">BRUXELLES Messepalast<\/figcaption><\/figure>\n<p><strong>\u00d6FFNUNGSZEITEN<br \/><\/strong>Fr 16-22h<br \/>Sa 10-20h<br \/>So 10-19h<\/p>\n<p><strong>EINTRITT<\/strong><br \/>Tagesticket: 10 \u20ac<br \/>Gratis f\u00fcr Minderj\u00e4hrige in Begleitung<\/p>\n<p><strong>ORT<br \/><\/strong>Brussels Expo &#8211; Palais 1<br \/>Place de Belgique 1<br \/>B-1020 Brussels<\/p>\n<p>\u00a0<\/p>\n\n\n<p><\/p>\n","protected":false},"excerpt":{"rendered":"<p>Frankfurt Zum vierten Mal pr\u00e4sentiert die discoveryartfair Frankfurt vom 4. bis 7. November junge, zeitgen\u00f6ssische&#8230;<\/p>\n<div class=\"more-link-wrapper\"><a class=\"more-link\" href=\"https:\/\/www.ursula-schregel.com\/en\/der-messeherbst-beginnt-ursula-schregel-in-frankfurt-und-bruessel\">Read the post<span class=\"screen-reader-text\">Der Messeherbst beginnt: Ursula Schregel in Frankfurt und Br\u00fcssel<\/span><\/a><\/div>\n","protected":false},"author":2,"featured_media":2358,"comment_status":"closed","ping_status":"closed","sticky":false,"template":"","format":"standard","meta":[],"categories":[1],"tags":[],"translation":{"provider":"WPGlobus","version":"2.12.2","language":"en","enabled_languages":["de","en"],"languages":{"de":{"title":true,"content":true,"excerpt":false},"en":{"title":false,"content":false,"excerpt":false}}},"_links":{"self":[{"href":"https:\/\/www.ursula-schregel.com\/en\/wp-json\/wp\/v2\/posts\/2357"}],"collection":[{"href":"https:\/\/www.ursula-schregel.com\/en\/wp-json\/wp\/v2\/posts"}],"about":[{"href":"https:\/\/www.ursula-schregel.com\/en\/wp-json\/wp\/v2\/types\/post"}],"author":[{"embeddable":true,"href":"https:\/\/www.ursula-schregel.com\/en\/wp-json\/wp\/v2\/users\/2"}],"replies":[{"embeddable":true,"href":"https:\/\/www.ursula-schregel.com\/en\/wp-json\/wp\/v2\/comments?post=2357"}],"version-history":[{"count":8,"href":"https:\/\/www.ursula-schregel.com\/en\/wp-json\/wp\/v2\/posts\/2357\/revisions"}],"predecessor-version":[{"id":2369,"href":"https:\/\/www.ursula-schregel.com\/en\/wp-json\/wp\/v2\/posts\/2357\/revisions\/2369"}],"wp:featuredmedia":[{"embeddable":true,"href":"https:\/\/www.ursula-schregel.com\/en\/wp-json\/wp\/v2\/media\/2358"}],"wp:attachment":[{"href":"https:\/\/www.ursula-schregel.com\/en\/wp-json\/wp\/v2\/media?parent=2357"}],"wp:term":[{"taxonomy":"category","embeddable":true,"href":"https:\/\/www.ursula-schregel.com\/en\/wp-json\/wp\/v2\/categories?post=2357"},{"taxonomy":"post_tag","embeddable":true,"href":"https:\/\/www.ursula-schregel.com\/en\/wp-json\/wp\/v2\/tags?post=2357"}],"curies":[{"name":"wp","href":"https:\/\/api.w.org\/{rel}","templated":true}]}}