{"id":2339,"date":"2021-10-12T23:17:49","date_gmt":"2021-10-12T21:17:49","guid":{"rendered":"https:\/\/www.ursula-schregel.com\/?p=2339"},"modified":"2021-10-12T23:20:29","modified_gmt":"2021-10-12T21:20:29","slug":"vorlesetag-ursula-schregel-laedt-die-juengsten-ins-kunsthaus-ein","status":"publish","type":"post","link":"https:\/\/www.ursula-schregel.com\/en\/vorlesetag-ursula-schregel-laedt-die-juengsten-ins-kunsthaus-ein","title":{"rendered":"Vorlesetag: Ursula Schregel l\u00e4dt die J\u00fcngsten ins KUNSTHAUS ein"},"content":{"rendered":"<p><strong>Jedes Jahr am dritten Freitag im November ist es soweit: Der bundesweite Vorlesetag zieht Kinder und Erwachsene gleicherma\u00dfen in Bann. Er ist seit 2004 Deutschlands gr\u00f6\u00dftes Vorlesefest und steht 2021 unter dem Motto \u201eFreundschaft und Zusammenhalt\u201c.<\/strong><\/p>\n<figure id=\"attachment_2346\" aria-describedby=\"caption-attachment-2346\" style=\"width: 724px\" class=\"wp-caption aligncenter\"><img decoding=\"async\" loading=\"lazy\" class=\"wp-image-2346 size-large\" src=\"https:\/\/www.ursula-schregel.com\/wp-content\/uploads\/2021\/10\/Vorlesetag-2021-Plakate-DRUCKVERSION-19-724x1024.jpg\" alt=\"Vorlesetag 2021 im KUNSTHAUS NIEDERZIER\" width=\"724\" height=\"1024\" srcset=\"https:\/\/www.ursula-schregel.com\/wp-content\/uploads\/2021\/10\/Vorlesetag-2021-Plakate-DRUCKVERSION-19-724x1024.jpg 724w, https:\/\/www.ursula-schregel.com\/wp-content\/uploads\/2021\/10\/Vorlesetag-2021-Plakate-DRUCKVERSION-19-212x300.jpg 212w, https:\/\/www.ursula-schregel.com\/wp-content\/uploads\/2021\/10\/Vorlesetag-2021-Plakate-DRUCKVERSION-19-768x1086.jpg 768w, https:\/\/www.ursula-schregel.com\/wp-content\/uploads\/2021\/10\/Vorlesetag-2021-Plakate-DRUCKVERSION-19-1086x1536.jpg 1086w, https:\/\/www.ursula-schregel.com\/wp-content\/uploads\/2021\/10\/Vorlesetag-2021-Plakate-DRUCKVERSION-19-1448x2048.jpg 1448w, https:\/\/www.ursula-schregel.com\/wp-content\/uploads\/2021\/10\/Vorlesetag-2021-Plakate-DRUCKVERSION-19-scaled.jpg 1810w\" sizes=\"(max-width: 724px) 100vw, 724px\" \/><figcaption id=\"caption-attachment-2346\" class=\"wp-caption-text\">Vorlesetag 2021 im KUNSTHAUS NIEDERZIER<\/figcaption><\/figure>\n<p>Passend zum Leitthema liest Ursula Schregel in ihrem KUNSTHAUS NIEDERZIER aus dem Kinderbuch \u201e35 Kilo Hoffnung\u201c. <a href=\"https:\/\/www.ursula-schregel.com\/vita\" target=\"_blank\" rel=\"noopener\">Die Malerin, die viele Jahre in Frankreich gelebt hat<\/a>, \u00fcbersetzte das Buch der franz\u00f6sischen Bestsellerautorin Anna Gavalda 2004 f\u00fcr einen renommierten Kinder- und Jugendbuchverlag und adaptierte es als H\u00f6rspiel und Theaterst\u00fcck. Ihre \u00dcbersetzung wurde in Ausschnitten in zahlreiche Schulb\u00fccher \u00fcbernommen und sogar 2005 f\u00fcr den deutschen Jugendliteraturpreis nominiert. Das Buch richtet sich an 9-12-J\u00e4hrige und erz\u00e4hlt die Geschichte des 13-j\u00e4hrigen David, dem die Schule verhasst ist. Gl\u00fccklich ist er nur, wenn er mit Opa L\u00e9on in seinem Schuppen werkeln darf. Doch dann wird Gro\u00dfvater eines Tages sehr krank&#8230;<\/p>\n<figure id=\"attachment_2344\" aria-describedby=\"caption-attachment-2344\" style=\"width: 236px\" class=\"wp-caption alignleft\"><img decoding=\"async\" loading=\"lazy\" class=\"wp-image-2344 size-medium\" src=\"https:\/\/www.ursula-schregel.com\/wp-content\/uploads\/2021\/10\/Anna-Gavalda-236x300.jpg\" alt=\"Anna Gavalda\" width=\"236\" height=\"300\" srcset=\"https:\/\/www.ursula-schregel.com\/wp-content\/uploads\/2021\/10\/Anna-Gavalda-236x300.jpg 236w, https:\/\/www.ursula-schregel.com\/wp-content\/uploads\/2021\/10\/Anna-Gavalda-806x1024.jpg 806w, https:\/\/www.ursula-schregel.com\/wp-content\/uploads\/2021\/10\/Anna-Gavalda-768x975.jpg 768w, https:\/\/www.ursula-schregel.com\/wp-content\/uploads\/2021\/10\/Anna-Gavalda.jpg 1123w\" sizes=\"(max-width: 236px) 100vw, 236px\" \/><figcaption id=\"caption-attachment-2344\" class=\"wp-caption-text\">Anna Gavalda<\/figcaption><\/figure>\n<figure id=\"attachment_2348\" aria-describedby=\"caption-attachment-2348\" style=\"width: 180px\" class=\"wp-caption alignright\"><img decoding=\"async\" loading=\"lazy\" class=\"size-medium wp-image-2348\" src=\"https:\/\/www.ursula-schregel.com\/wp-content\/uploads\/2021\/10\/13_Kilo_Hoffnung-180x300.jpg\" alt=\"35 Kilo Hoffnung von Anna Gavalda \" width=\"180\" height=\"300\" srcset=\"https:\/\/www.ursula-schregel.com\/wp-content\/uploads\/2021\/10\/13_Kilo_Hoffnung-180x300.jpg 180w, https:\/\/www.ursula-schregel.com\/wp-content\/uploads\/2021\/10\/13_Kilo_Hoffnung-615x1024.jpg 615w, https:\/\/www.ursula-schregel.com\/wp-content\/uploads\/2021\/10\/13_Kilo_Hoffnung-768x1280.jpg 768w, https:\/\/www.ursula-schregel.com\/wp-content\/uploads\/2021\/10\/13_Kilo_Hoffnung-922x1536.jpg 922w, https:\/\/www.ursula-schregel.com\/wp-content\/uploads\/2021\/10\/13_Kilo_Hoffnung-1229x2048.jpg 1229w, https:\/\/www.ursula-schregel.com\/wp-content\/uploads\/2021\/10\/13_Kilo_Hoffnung-scaled.jpg 1536w\" sizes=\"(max-width: 180px) 100vw, 180px\" \/><figcaption id=\"caption-attachment-2348\" class=\"wp-caption-text\">35 Kilo Hoffnung von Anna Gavalda<\/figcaption><\/figure>\n<p><em>F\u00fcr den Vorlesetag am 19. November ist eine schriftliche Anmeldung unter Angabe der Personenzahl per mail bis sp\u00e4testens 14. November erforderlich unter ursula.schregel@gmail.com. Coronabedingt begrenzter Einlass. F\u00fcr begleitende Erwachsene gilt die 2G-Regel (geimpft oder genesen), Kinder m\u00fcssen getestet sein und es besteht Maskenpflicht.<\/em><\/p>\n","protected":false},"excerpt":{"rendered":"<p>Jedes Jahr am dritten Freitag im November ist es soweit: Der bundesweite Vorlesetag zieht Kinder&#8230;<\/p>\n<div class=\"more-link-wrapper\"><a class=\"more-link\" href=\"https:\/\/www.ursula-schregel.com\/en\/vorlesetag-ursula-schregel-laedt-die-juengsten-ins-kunsthaus-ein\">Read the post<span class=\"screen-reader-text\">Vorlesetag: Ursula Schregel l\u00e4dt die J\u00fcngsten ins KUNSTHAUS ein<\/span><\/a><\/div>\n","protected":false},"author":2,"featured_media":2341,"comment_status":"closed","ping_status":"closed","sticky":false,"template":"","format":"standard","meta":[],"categories":[1],"tags":[],"translation":{"provider":"WPGlobus","version":"2.12.2","language":"en","enabled_languages":["de","en"],"languages":{"de":{"title":true,"content":true,"excerpt":false},"en":{"title":false,"content":false,"excerpt":false}}},"_links":{"self":[{"href":"https:\/\/www.ursula-schregel.com\/en\/wp-json\/wp\/v2\/posts\/2339"}],"collection":[{"href":"https:\/\/www.ursula-schregel.com\/en\/wp-json\/wp\/v2\/posts"}],"about":[{"href":"https:\/\/www.ursula-schregel.com\/en\/wp-json\/wp\/v2\/types\/post"}],"author":[{"embeddable":true,"href":"https:\/\/www.ursula-schregel.com\/en\/wp-json\/wp\/v2\/users\/2"}],"replies":[{"embeddable":true,"href":"https:\/\/www.ursula-schregel.com\/en\/wp-json\/wp\/v2\/comments?post=2339"}],"version-history":[{"count":12,"href":"https:\/\/www.ursula-schregel.com\/en\/wp-json\/wp\/v2\/posts\/2339\/revisions"}],"predecessor-version":[{"id":2356,"href":"https:\/\/www.ursula-schregel.com\/en\/wp-json\/wp\/v2\/posts\/2339\/revisions\/2356"}],"wp:featuredmedia":[{"embeddable":true,"href":"https:\/\/www.ursula-schregel.com\/en\/wp-json\/wp\/v2\/media\/2341"}],"wp:attachment":[{"href":"https:\/\/www.ursula-schregel.com\/en\/wp-json\/wp\/v2\/media?parent=2339"}],"wp:term":[{"taxonomy":"category","embeddable":true,"href":"https:\/\/www.ursula-schregel.com\/en\/wp-json\/wp\/v2\/categories?post=2339"},{"taxonomy":"post_tag","embeddable":true,"href":"https:\/\/www.ursula-schregel.com\/en\/wp-json\/wp\/v2\/tags?post=2339"}],"curies":[{"name":"wp","href":"https:\/\/api.w.org\/{rel}","templated":true}]}}