{"id":1901,"date":"2019-08-16T01:25:44","date_gmt":"2019-08-15T23:25:44","guid":{"rendered":"http:\/\/ursula-schregel.com\/?p=1901"},"modified":"2019-08-16T17:07:19","modified_gmt":"2019-08-16T15:07:19","slug":"kunstwoche-niederzier-ursula-schregels-einzelausstellung-in-der-alten-rentei","status":"publish","type":"post","link":"https:\/\/www.ursula-schregel.com\/en\/kunstwoche-niederzier-ursula-schregels-einzelausstellung-in-der-alten-rentei","title":{"rendered":"KUNSTWOCHE NIEDERZIER &#8211; Ursula Schregels Einzelausstellung in der ALTEN RENTEI"},"content":{"rendered":"\n<p><strong>Im Zentrum der KUNSTWOCHE NIEDERZIER vom 27. September &#8211; 3. Oktober steht die Einzelausstellung Farbwelten + Texturen in der ALTEN RENTEI am Wohnort von Ursula Schregel. Im historischen Ambiente zeigt die K\u00fcnstlerin dort eine umfangreiche Auswahl neuer Werke. Die Er\u00f6ffnung findet am Freitag, 27. September um 19 Uhr in der Rathausstr. 8 statt. Mit der Vernissage um 19 Uhr wird auch gleichzeitig die KUNSTWOCHE NIEDERZIER er\u00f6ffnet, die in den Ausstellungsr\u00e4umen ein umfangreiches kulturelles Rahmenprogramm vorsieht.&nbsp;<\/strong><\/p>\n\n\n\n<p>Die Ausstellung&nbsp;<strong>Farbwelten + Texturen<\/strong> mit den Bildern von Ursula Schregel ist von Sa. 28. Sept. bis Do 3. Okt jeweils von 11 bis 18 Uhr (Do. bis 17 Uhr) ge\u00f6ffnet.&nbsp;<\/p>\n\n\n\n<p>Im Rahmen der Finissage am 3. Oktober pr\u00e4sentiert PlanetJazzClubD\u00fcren&nbsp;<a href=\"http:\/\/www.planet-jazz-club-dueren.de\/\">www.planet-jazz-club-dueren.de<\/a> um 19.30 in der ALTEN RENTEI&nbsp;&nbsp;das mehrfach mit ECHOS ausgezeichnete Tim-Allhoff-Trio&nbsp;<a href=\"http:\/\/www.timallhoff.de\/\">www.timallhoff.de<\/a><\/p>\n\n\n\n<figure class=\"wp-block-image\"><img decoding=\"async\" loading=\"lazy\" width=\"1024\" height=\"683\" src=\"http:\/\/ursula-schregel.com\/wp-content\/uploads\/2019\/08\/tim_allhoff2-1024x683.jpg\" alt=\"Tim Allhoff\" class=\"wp-image-1905\" srcset=\"https:\/\/www.ursula-schregel.com\/wp-content\/uploads\/2019\/08\/tim_allhoff2-1024x683.jpg 1024w, https:\/\/www.ursula-schregel.com\/wp-content\/uploads\/2019\/08\/tim_allhoff2-300x200.jpg 300w, https:\/\/www.ursula-schregel.com\/wp-content\/uploads\/2019\/08\/tim_allhoff2-768x512.jpg 768w, https:\/\/www.ursula-schregel.com\/wp-content\/uploads\/2019\/08\/tim_allhoff2-272x182.jpg 272w, https:\/\/www.ursula-schregel.com\/wp-content\/uploads\/2019\/08\/tim_allhoff2.jpg 1200w\" sizes=\"(max-width: 1024px) 100vw, 1024px\" \/><figcaption>Tim Allhoff \/ Foto: \u00a9 Lisa Martin<\/figcaption><\/figure>\n\n\n\n<p>ECHO Preistr\u00e4ger Tim Allhoff z\u00e4hlt seit vielen Jahren zu einem der wichtigsten Pianisten der deutschen Jazz-Szene. Das Magazin JAZZTHING betitelt ihn als \u00bbPiano Shooting Star der Republik\u00ab, die ZEIT spricht von \u00bbintelligenter Musik f\u00fcr die Massen\u00ab, die S\u00dcDDEUTSCHE ZEITUNG jubelt: \u00bbJa, das ist Jazz. Und was f\u00fcr Einer!\u00ab<\/p>\n\n\n\n<p>Sein Trio ver\u00f6ffentlichte seit 2010 f\u00fcnf Alben, von denen zwei mit dem ECHO Jazz ausgezeichnet wurden. Die Band ist au\u00dferdem Gewinner des NEUEN DEUTSCHEN JAZZPREIS.<\/p>\n\n\n\n<p><strong>Tim Allhoff: <\/strong>Klavier <br><strong>Henning Sieverts:<\/strong> Bass\u00a0<a href=\"http:\/\/www.henningsieverts.de\/\">www.henningsieverts.de<\/a><br><strong>Bastian H\u00fctte:<\/strong> Drums\u00a0<a href=\"http:\/\/www.bastianjuette.de\/\">www.bastianjuette.com<\/a><\/p>\n\n\n\n<figure class=\"wp-block-image\"><img decoding=\"async\" loading=\"lazy\" width=\"1024\" height=\"560\" src=\"http:\/\/ursula-schregel.com\/wp-content\/uploads\/2019\/08\/Andreashaus-1024x560.jpg\" alt=\"Andreashaus Niederzier\" class=\"wp-image-1908\" srcset=\"https:\/\/www.ursula-schregel.com\/wp-content\/uploads\/2019\/08\/Andreashaus-1024x560.jpg 1024w, https:\/\/www.ursula-schregel.com\/wp-content\/uploads\/2019\/08\/Andreashaus-300x164.jpg 300w, https:\/\/www.ursula-schregel.com\/wp-content\/uploads\/2019\/08\/Andreashaus-768x420.jpg 768w, https:\/\/www.ursula-schregel.com\/wp-content\/uploads\/2019\/08\/Andreashaus.jpg 1200w\" sizes=\"(max-width: 1024px) 100vw, 1024px\" \/><figcaption>Andreashaus Niederzier<\/figcaption><\/figure>\n\n\n\n<p>Kurz vorher kann man von 17-19Uhr bei\u00a0<strong>TeeKunst+Jazz\u00a0\u00a0<\/strong>NRW\u2019s sch\u00f6nste Eventlocation kennenlernen, das Niederzierer ANDREASHAUS <a href=\"http:\/\/www.andreashaus.de\/\">www.andreashaus.de<\/a>, K\u00f6lnstr. 76.\u00a0Bei einem original englischen Five O\u2019clock Tea mit Teeverkostung, s\u00fc\u00dfen und herzhaften Kleinigkeiten von Cafe Flink <a href=\"http:\/\/www.cafe-flink.de\/\">www.cafe-flink.de<\/a>, den typischen Scones und Sekt vermittelt Ihnen Teesommeli\u00e8re Lisa Happich von TeeGschwendner D\u00fcren\u00a0<a href=\"http:\/\/www.teegschwendner.de\/dueren\">www.teegschwendner.de\/dueren<\/a>Wissenswertes \u00fcber eine gekonnte Teezubereitung. Der anschlie\u00dfende Fu\u00dfweg zum Konzert in der ALTEN RENTEI betr\u00e4gt nur 200m.<\/p>\n\n\n\n<p><strong>Wir bedanken uns bei den Sponsoren f\u00fcr die Unterst\u00fctzung des Jazzkonzerts:<\/strong><\/p>\n\n\n\n<figure class=\"wp-block-image\"><img decoding=\"async\" loading=\"lazy\" width=\"1024\" height=\"185\" src=\"http:\/\/ursula-schregel.com\/wp-content\/uploads\/2019\/08\/sponsoren-1024x185.jpg\" alt=\"Sponsoren - Jazzkonzert Tim Allhoff-Trio\" class=\"wp-image-1910\" srcset=\"https:\/\/www.ursula-schregel.com\/wp-content\/uploads\/2019\/08\/sponsoren-1024x185.jpg 1024w, https:\/\/www.ursula-schregel.com\/wp-content\/uploads\/2019\/08\/sponsoren-300x54.jpg 300w, https:\/\/www.ursula-schregel.com\/wp-content\/uploads\/2019\/08\/sponsoren-768x139.jpg 768w, https:\/\/www.ursula-schregel.com\/wp-content\/uploads\/2019\/08\/sponsoren.jpg 1200w\" sizes=\"(max-width: 1024px) 100vw, 1024px\" \/><figcaption>Sponsoren &#8211; Jazzkonzert Tim Allhoff-Trio<\/figcaption><\/figure>\n\n\n\n<p><\/p>\n\n\n\n<p><strong>Auch auf die weiteren Veranstaltungen der KUNSTWOCHE NIEDERZIER \u2013 rund ums Thema Kunst- darf man gespannt sein:&nbsp;<\/strong><\/p>\n\n\n\n<p><strong>Montag, 30. September 19 Uhr:<\/strong><br><strong>LESUNG<br><\/strong>Michel-Georges Michel, &#8220;Die von Montparnasse&#8221;<br>mit Jochen Kolenda.<\/p>\n\n\n\n<p><strong>Dienstag,&nbsp;1. Oktober&nbsp;19 Uhr<\/strong>:&nbsp;&nbsp;&nbsp;&nbsp;<br><strong>H\u00d6RSPIELPR\u00c4SENTATION<br><\/strong>&#8220;Kunst&#8221;<br>von Yasmina Reza<br>RB 1996\/83 Min<\/p>\n\n\n\n<p><strong>Mittwoch,&nbsp;2. Oktober 19 Uhr:<\/strong><br><strong>Kunst &amp; FILM<br><\/strong>Immer wieder haben sich Drehbuchautoren und&nbsp;Filmregisseure durch bedeutende bildende K\u00fcnstler zu gro\u00dfartigen Spielfilmen&nbsp;&nbsp;anregen lassen.&nbsp;Freuen&nbsp;&nbsp;Sie sich auf einen spannenden&nbsp;&nbsp;und&nbsp;&nbsp;&nbsp;unterhaltsamen, langen aber keineswegs langweiligen Abend.<\/p>\n\n\n\n<p><\/p>\n\n\n\n<p><em>Mit Ausnahme des Tim-Allhoff-Konzerts und der Kombiveranstaltung&nbsp;&nbsp;TeeKunst+Jazz sind alle Veranstaltungen kostenfrei.<\/em><\/p>\n\n\n\n<figure class=\"wp-block-image\"><img decoding=\"async\" loading=\"lazy\" width=\"1024\" height=\"245\" src=\"http:\/\/ursula-schregel.com\/wp-content\/uploads\/2019\/08\/karten-1024x245.jpg\" alt=\"Karten Kunstwoche Niederzier\" class=\"wp-image-1913\" srcset=\"https:\/\/www.ursula-schregel.com\/wp-content\/uploads\/2019\/08\/karten-1024x245.jpg 1024w, https:\/\/www.ursula-schregel.com\/wp-content\/uploads\/2019\/08\/karten-300x72.jpg 300w, https:\/\/www.ursula-schregel.com\/wp-content\/uploads\/2019\/08\/karten-768x184.jpg 768w, https:\/\/www.ursula-schregel.com\/wp-content\/uploads\/2019\/08\/karten.jpg 1200w\" sizes=\"(max-width: 1024px) 100vw, 1024px\" \/><\/figure>\n","protected":false},"excerpt":{"rendered":"<p>Im Zentrum der KUNSTWOCHE NIEDERZIER vom 27. September &#8211; 3. Oktober steht die Einzelausstellung Farbwelten&#8230;<\/p>\n<div class=\"more-link-wrapper\"><a class=\"more-link\" href=\"https:\/\/www.ursula-schregel.com\/en\/kunstwoche-niederzier-ursula-schregels-einzelausstellung-in-der-alten-rentei\">Read the post<span class=\"screen-reader-text\">KUNSTWOCHE NIEDERZIER &#8211; Ursula Schregels Einzelausstellung in der ALTEN RENTEI<\/span><\/a><\/div>\n","protected":false},"author":2,"featured_media":1903,"comment_status":"closed","ping_status":"closed","sticky":false,"template":"","format":"standard","meta":[],"categories":[1],"tags":[],"translation":{"provider":"WPGlobus","version":"2.12.2","language":"en","enabled_languages":["de","en"],"languages":{"de":{"title":true,"content":true,"excerpt":false},"en":{"title":false,"content":false,"excerpt":false}}},"_links":{"self":[{"href":"https:\/\/www.ursula-schregel.com\/en\/wp-json\/wp\/v2\/posts\/1901"}],"collection":[{"href":"https:\/\/www.ursula-schregel.com\/en\/wp-json\/wp\/v2\/posts"}],"about":[{"href":"https:\/\/www.ursula-schregel.com\/en\/wp-json\/wp\/v2\/types\/post"}],"author":[{"embeddable":true,"href":"https:\/\/www.ursula-schregel.com\/en\/wp-json\/wp\/v2\/users\/2"}],"replies":[{"embeddable":true,"href":"https:\/\/www.ursula-schregel.com\/en\/wp-json\/wp\/v2\/comments?post=1901"}],"version-history":[{"count":10,"href":"https:\/\/www.ursula-schregel.com\/en\/wp-json\/wp\/v2\/posts\/1901\/revisions"}],"predecessor-version":[{"id":1917,"href":"https:\/\/www.ursula-schregel.com\/en\/wp-json\/wp\/v2\/posts\/1901\/revisions\/1917"}],"wp:featuredmedia":[{"embeddable":true,"href":"https:\/\/www.ursula-schregel.com\/en\/wp-json\/wp\/v2\/media\/1903"}],"wp:attachment":[{"href":"https:\/\/www.ursula-schregel.com\/en\/wp-json\/wp\/v2\/media?parent=1901"}],"wp:term":[{"taxonomy":"category","embeddable":true,"href":"https:\/\/www.ursula-schregel.com\/en\/wp-json\/wp\/v2\/categories?post=1901"},{"taxonomy":"post_tag","embeddable":true,"href":"https:\/\/www.ursula-schregel.com\/en\/wp-json\/wp\/v2\/tags?post=1901"}],"curies":[{"name":"wp","href":"https:\/\/api.w.org\/{rel}","templated":true}]}}