{"id":1384,"date":"2018-02-22T16:03:44","date_gmt":"2018-02-22T15:03:44","guid":{"rendered":"http:\/\/ursula-schregel.com\/?p=1384"},"modified":"2018-03-30T12:24:05","modified_gmt":"2018-03-30T11:24:05","slug":"19-kulturtage-auf-schloss-burgau","status":"publish","type":"post","link":"https:\/\/www.ursula-schregel.com\/en\/19-kulturtage-auf-schloss-burgau","title":{"rendered":"Ursula Schregel exhibits at the 19th Culture Days at Castle Burgau"},"content":{"rendered":"<p>Ursula Schregel will be exhibiting her works at Burgau Castle in her hometown D\u00fcren as part of the 19th Culture Days at Castle Burgau. The vernissage will take place on March 2nd at 7pm in the beautiful historic ambience. The Lions Club Marcodurum e.V. organizes in cooperation with the city of D\u00fcren from 2 to 18 March a comprehensive program around the vernissage, in which also music, family, party and talk are not neglected.<\/p>\n<p>Under the meanwhile traditional motto &#8220;D\u00fcrener K\u00f6pfe&#8221;, D\u00fcrener artists are given the opportunity to present their works to the public. Various regional charities will benefit from the\u00a0surplus of the Cultural Days, which are organized on a voluntary basis\u00a0by the Lions Club.<\/p>\n<p>The exhibition, which will be on display at Schloss Burgau until the 8th of April following the D\u00fcrener Kulturtage, is open on Wednesdays and Saturdays from 2pm to 6pm and Sundays from 11am to 6pm as well as in the events the D\u00fcrener culture days.<\/p>\n<p>Admission is free.<\/p>\n<p><strong>CASTLE BURGAU<\/strong><br \/>\n<strong>Of-Aue-Stra\u00dfe<\/strong><br \/>\n<strong>52355 D\u00fcren<\/strong><\/p>\n<p>(In front of the castle Burgau a paved and illuminated parking lot is available.)<\/p>\n<p>&nbsp;<\/p>\n<p><strong>Vernissage on March 2, 2018, 7:00 pm:<\/strong><br \/>\nOpening of the exhibition by Paul Larue, Mayor of D\u00fcren and Ingo Kufferath, President of the Lions Club D\u00fcren Marcodurum<\/p>\n<p>&nbsp;<\/p>\n<p><a href=\"http:\/\/www.kulturbetrieb.dueren.de\/fileadmin\/user_upload\/180202_Booklet-LC-Kulturtage2018.pdf\" target=\"_blank\" rel=\"noopener\"><strong>Download here the entire program of the 19th Culture Days.<\/strong><\/a><\/p>\n","protected":false},"excerpt":{"rendered":"<p>Ursula Schregel will be exhibiting her works at Burgau Castle in her hometown D\u00fcren as&#8230;<\/p>\n<div class=\"more-link-wrapper\"><a class=\"more-link\" href=\"https:\/\/www.ursula-schregel.com\/en\/19-kulturtage-auf-schloss-burgau\">Read the post<span class=\"screen-reader-text\">Ursula Schregel exhibits at the 19th Culture Days at Castle Burgau<\/span><\/a><\/div>\n","protected":false},"author":2,"featured_media":1387,"comment_status":"closed","ping_status":"closed","sticky":false,"template":"","format":"standard","meta":[],"categories":[1],"tags":[],"translation":{"provider":"WPGlobus","version":"2.12.2","language":"en","enabled_languages":["de","en"],"languages":{"de":{"title":true,"content":true,"excerpt":false},"en":{"title":true,"content":true,"excerpt":false}}},"_links":{"self":[{"href":"https:\/\/www.ursula-schregel.com\/en\/wp-json\/wp\/v2\/posts\/1384"}],"collection":[{"href":"https:\/\/www.ursula-schregel.com\/en\/wp-json\/wp\/v2\/posts"}],"about":[{"href":"https:\/\/www.ursula-schregel.com\/en\/wp-json\/wp\/v2\/types\/post"}],"author":[{"embeddable":true,"href":"https:\/\/www.ursula-schregel.com\/en\/wp-json\/wp\/v2\/users\/2"}],"replies":[{"embeddable":true,"href":"https:\/\/www.ursula-schregel.com\/en\/wp-json\/wp\/v2\/comments?post=1384"}],"version-history":[{"count":9,"href":"https:\/\/www.ursula-schregel.com\/en\/wp-json\/wp\/v2\/posts\/1384\/revisions"}],"predecessor-version":[{"id":1487,"href":"https:\/\/www.ursula-schregel.com\/en\/wp-json\/wp\/v2\/posts\/1384\/revisions\/1487"}],"wp:featuredmedia":[{"embeddable":true,"href":"https:\/\/www.ursula-schregel.com\/en\/wp-json\/wp\/v2\/media\/1387"}],"wp:attachment":[{"href":"https:\/\/www.ursula-schregel.com\/en\/wp-json\/wp\/v2\/media?parent=1384"}],"wp:term":[{"taxonomy":"category","embeddable":true,"href":"https:\/\/www.ursula-schregel.com\/en\/wp-json\/wp\/v2\/categories?post=1384"},{"taxonomy":"post_tag","embeddable":true,"href":"https:\/\/www.ursula-schregel.com\/en\/wp-json\/wp\/v2\/tags?post=1384"}],"curies":[{"name":"wp","href":"https:\/\/api.w.org\/{rel}","templated":true}]}}