{"id":1168,"date":"2017-11-02T23:37:31","date_gmt":"2017-11-02T22:37:31","guid":{"rendered":"http:\/\/ursula-schregel.com\/?p=1168"},"modified":"2017-11-02T23:49:07","modified_gmt":"2017-11-02T22:49:07","slug":"besucherandrang-beim-salon-dautomne-in-paris","status":"publish","type":"post","link":"https:\/\/www.ursula-schregel.com\/en\/besucherandrang-beim-salon-dautomne-in-paris","title":{"rendered":"Enormer Besucherandrang beim Salon d\u2019Automne in Paris"},"content":{"rendered":"<div id=\"pl-1168\"  class=\"panel-layout\" ><div id=\"pg-1168-0\"  class=\"panel-grid panel-no-style\" ><div id=\"pgc-1168-0-0\"  class=\"panel-grid-cell\" ><div id=\"panel-1168-0-0-0\" class=\"so-panel widget widget_sow-editor panel-first-child\" data-index=\"0\" ><div\n\t\t\t\n\t\t\tclass=\"so-widget-sow-editor so-widget-sow-editor-base\"\n\t\t\t\n\t\t>\n<div class=\"siteorigin-widget-tinymce textwidget\">\n\t<h3><strong>Am Sonntagabend ist der renommierte Salon d\u2019Automne vor dem Grand Palais auf der Champs-Elys\u00e9es in Paris zu Ende gegangen. <\/strong><\/h3>\n<p><strong>Rund 900 Aussteller aus 45 Nationen haben sich bei der 114. Ausgabe den zahlreichen Besuchern vom 11. bis 15. Oktober 2017 pr\u00e4sentiert. Beim Er\u00f6ffnungsabend war der Besucheransturm so gro\u00df, dass die Eing\u00e4nge zeitweise geschlossen werden mussten. <\/strong><\/p>\n<figure id=\"attachment_1172\" aria-describedby=\"caption-attachment-1172\" style=\"width: 300px\" class=\"wp-caption alignleft\"><img decoding=\"async\" loading=\"lazy\" class=\"wp-image-1172 size-medium\" src=\"http:\/\/ursula-schregel.com\/wp-content\/uploads\/2017\/11\/Ursula_Schregel_2017_08_15_75939-300x225.jpg\" alt=\"Ursula Schregel, &quot;Kalt-Front\u201c, 100x120cm, Mischtechnik auf Leinwand\" width=\"300\" height=\"225\" srcset=\"https:\/\/www.ursula-schregel.com\/wp-content\/uploads\/2017\/11\/Ursula_Schregel_2017_08_15_75939-300x225.jpg 300w, https:\/\/www.ursula-schregel.com\/wp-content\/uploads\/2017\/11\/Ursula_Schregel_2017_08_15_75939-768x576.jpg 768w, https:\/\/www.ursula-schregel.com\/wp-content\/uploads\/2017\/11\/Ursula_Schregel_2017_08_15_75939-1024x768.jpg 1024w, https:\/\/www.ursula-schregel.com\/wp-content\/uploads\/2017\/11\/Ursula_Schregel_2017_08_15_75939.jpg 2000w\" sizes=\"(max-width: 300px) 100vw, 300px\" \/><figcaption id=\"caption-attachment-1172\" class=\"wp-caption-text\">Ursula Schregel, \"Kalt-Front\u201c, 100x120cm, Mischtechnik auf Leinwand<\/figcaption><\/figure>\n<p>Kuratiert von einer hochkar\u00e4tigen Jury konnte sich jeder K\u00fcnstler mit einem einzigen Werk bewerben. In zwei Hallen wurden die Werke \u2013 den einzelnen Disziplinen entsprechend \u2013 vorgestellt. Neben unterschiedlichen Formen der Malerei wurden Drucke, Zeichnungen, Skulpturen, Photographie, Video und Digitalkunst gezeigt. Erg\u00e4nzt durch ein umfangreiches Rahmenprogramm aus Fachkonferenzen, Konzerten und Lesungen pr\u00e4sentierte sich dem kunstinteressierten Publikum ein breitgef\u00e4chertes Angebot.<\/p>\n<p>Von Ursula Schregel war auf dem Salon d\u2019Automne ihr Bild \u201eKalt-Front\u201c zu sehen, 100x120cm gro\u00dfes Bild in Mischtechnik auf Leinwand, dass Anfang 2017 fertiggestellt worden ist. Der Titel spielt dabei vordergr\u00fcndig mit seinen unterschiedlichen Blau- und Wei\u00dft\u00f6nen und seinem tiefen Schwarz auf den meteorologischen Begriff an, und im \u00fcbertragenen Sinne auf eine KALT-FRONT, die sich durch eine zerrissene, zutiefst gespaltene Weltlandschaft zieht.<\/p>\n<p>Immer wieder wurde sie von den aufgeschlossenen Besuchern auch nach der angewandten Mischtechnik befragt. Mit unterschiedlichsten Materialien und permanenten Auf- und Abtragungen ist das Werk in einem aufwendigen Prozess entstanden. Auch bei Pariser Galerien stie\u00df es auf gro\u00dfes Interesse. Es liegen bereits konkrete Anfragen vor und in dieser Woche stehen die ersten Gespr\u00e4che \u00fcber Ausstellungen in Paris an.<\/p>\n<\/div>\n<\/div><\/div><div id=\"panel-1168-0-0-1\" class=\"so-panel widget widget_master-slider-main-widget master-slider-main-widget panel-last-child\" data-index=\"1\" ><h3 class=\"widget-title\">Impressionen vom Salon d&#8217;automne in Paris, 2017<\/h3>\n\t\t<!-- MasterSlider -->\n\t\t<div id=\"P_MS69f39c9cb7966\" class=\"master-slider-parent msl ms-parent-id-11\" style=\"max-width:1200px;\">\n\n\t\t\t\n\t\t\t<!-- MasterSlider Main -->\n\t\t\t<div id=\"MS69f39c9cb7966\" class=\"master-slider ms-skin-light-6 round-skin\" >\n\t\t\t\t \t\t\t\t \n\t\t\t\t<div  class=\"ms-slide\" data-delay=\"3\" data-fill-mode=\"fill\"  >\n\t\t\t\t\t<img src=\"https:\/\/www.ursula-schregel.com\/wp-content\/plugins\/master-slider\/public\/assets\/css\/blank.gif\" alt=\"Ursula Schregel beim Salon d&#039;automne in Paris, 2017\" title=\"\" data-src=\"https:\/\/www.ursula-schregel.com\/wp-content\/uploads\/2017\/11\/IMG_2054.jpg\" \/>\n\n\n\t<div class=\"ms-thumb\" ><div class=\"ms-tab-context\"><div class=&quot;ms-tab-context&quot;><\/div><\/div>\n<\/div>\n\t\t\t\t<\/div>\n\t\t\t\t<div  class=\"ms-slide\" data-delay=\"3\" data-fill-mode=\"fill\"  >\n\t\t\t\t\t<img src=\"https:\/\/www.ursula-schregel.com\/wp-content\/plugins\/master-slider\/public\/assets\/css\/blank.gif\" alt=\"Ursula Schregel beim Salon d&#039;automne in Paris, 2017\" title=\"\" data-src=\"https:\/\/www.ursula-schregel.com\/wp-content\/uploads\/2017\/11\/IMG_2056.jpg\" \/>\n\n\n\t<div class=\"ms-thumb\" ><div class=\"ms-tab-context\"><div class=&quot;ms-tab-context&quot;><\/div><\/div>\n<\/div>\n\t\t\t\t<\/div>\n\t\t\t\t<div  class=\"ms-slide\" data-delay=\"3\" data-fill-mode=\"fill\"  >\n\t\t\t\t\t<img src=\"https:\/\/www.ursula-schregel.com\/wp-content\/plugins\/master-slider\/public\/assets\/css\/blank.gif\" alt=\"Ursula Schregel beim Salon d&#039;automne in Paris, 2017\" title=\"\" data-src=\"https:\/\/www.ursula-schregel.com\/wp-content\/uploads\/2017\/11\/IMG_2053.jpg\" \/>\n\n\n\t<div class=\"ms-thumb\" ><div class=\"ms-tab-context\"><div class=&quot;ms-tab-context&quot;><\/div><\/div>\n<\/div>\n\t\t\t\t<\/div>\n\t\t\t\t<div  class=\"ms-slide\" data-delay=\"3\" data-fill-mode=\"fill\"  >\n\t\t\t\t\t<img src=\"https:\/\/www.ursula-schregel.com\/wp-content\/plugins\/master-slider\/public\/assets\/css\/blank.gif\" alt=\"Ursula Schregel beim Salon d&#039;automne in Paris, 2017\" title=\"\" data-src=\"https:\/\/www.ursula-schregel.com\/wp-content\/uploads\/2017\/11\/IMG_2108-e1509662757923.jpg\" \/>\n\n\n\t<div class=\"ms-thumb\" ><div class=\"ms-tab-context\"><div class=&quot;ms-tab-context&quot;><\/div><\/div>\n<\/div>\n\t\t\t\t<\/div>\n\t\t\t\t<div  class=\"ms-slide\" data-delay=\"3\" data-fill-mode=\"fill\"  >\n\t\t\t\t\t<img src=\"https:\/\/www.ursula-schregel.com\/wp-content\/plugins\/master-slider\/public\/assets\/css\/blank.gif\" alt=\"Ursula Schregel beim Salon d&#039;automne in Paris, 2017\" title=\"\" data-src=\"https:\/\/www.ursula-schregel.com\/wp-content\/uploads\/2017\/11\/IMG-20171017-WA0003.jpg\" \/>\n\n\n\t<div class=\"ms-thumb\" ><div class=\"ms-tab-context\"><div class=&quot;ms-tab-context&quot;><\/div><\/div>\n<\/div>\n\t\t\t\t<\/div>\n\n\t\t\t<\/div>\n\t\t\t<!-- END MasterSlider Main -->\n\n\t\t\t \n\t\t<\/div>\n\t\t<!-- END MasterSlider -->\n\n\t\t<script>\n\t\t(function ( $ ) {\n\t\t\t\"use strict\";\n\n\t\t\t$(function () {\n\t\t\t\tvar masterslider_7966 = new MasterSlider();\n\n\t\t\t\t\/\/ slider controls\n\t\t\t\tmasterslider_7966.control('arrows'     ,{ autohide:true, overVideo:true  });\t\t\t\tmasterslider_7966.control('bullets'    ,{ autohide:false, overVideo:true, dir:'h', align:'bottom' , margin:10  });\n\n\t\t\t\t\/\/ slider setup\n\t\t\t\tmasterslider_7966.setup(\"MS69f39c9cb7966\", {\n\t\t\t\t\t\twidth           : 1200,\n\t\t\t\t\t\theight          : 900,\n\t\t\t\t\t\tminHeight       : 0,\n\t\t\t\t\t\tspace           : 0,\n\t\t\t\t\t\tstart           : 1,\n\t\t\t\t\t\tgrabCursor      : true,\n\t\t\t\t\t\tswipe           : true,\n\t\t\t\t\t\tmouse           : true,\n\t\t\t\t\t\tlayout          : \"boxed\",\n\t\t\t\t\t\twheel           : false,\n\t\t\t\t\t\tautoplay        : true,\n\t\t\t\t\t\tinstantStartLayers:false,\n\t\t\t\t\t\tloop            : true,\n\t\t\t\t\t\tshuffle         : false,\n\t\t\t\t\t\tpreload         : 0,\n\t\t\t\t\t\theightLimit     : true,\n\t\t\t\t\t\tautoHeight      : false,\n\t\t\t\t\t\tsmoothHeight    : true,\n\t\t\t\t\t\tendPause        : false,\n\t\t\t\t\t\toverPause       : false,\n\t\t\t\t\t\tfillMode        : \"fill\",\n\t\t\t\t\t\tcenterControls  : false,\n\t\t\t\t\t\tstartOnAppear   : false,\n\t\t\t\t\t\tlayersMode      : \"center\",\n\t\t\t\t\t\thideLayers      : false,\n\t\t\t\t\t\tfullscreenMargin: 0,\n\t\t\t\t\t\tspeed           : 15,\n\t\t\t\t\t\tdir             : \"h\",\n\t\t\t\t\t\tparallaxMode    : 'swipe',\n\t\t\t\t\t\tview            : \"fade\"\n\t\t\t\t});\n\n\t\t\t\t\n\t\t\t\twindow.masterslider_instances = window.masterslider_instances || [];\n\t\t\t\twindow.masterslider_instances.push( masterslider_7966 );\n\t\t\t });\n\n\t\t})(jQuery);\n\t\t<\/script>\n\n<\/div><\/div><\/div><\/div>","protected":false},"excerpt":{"rendered":"<p>Am Sonntagabend ist der renommierte Salon d\u2019Automne vor dem Grand Palais auf der Champs-Elys\u00e9es in&#8230;<\/p>\n<div class=\"more-link-wrapper\"><a class=\"more-link\" href=\"https:\/\/www.ursula-schregel.com\/en\/besucherandrang-beim-salon-dautomne-in-paris\">Read the post<span class=\"screen-reader-text\">Enormer Besucherandrang beim Salon d\u2019Automne in Paris<\/span><\/a><\/div>\n","protected":false},"author":2,"featured_media":1171,"comment_status":"closed","ping_status":"closed","sticky":false,"template":"","format":"standard","meta":[],"categories":[1],"tags":[],"translation":{"provider":"WPGlobus","version":"2.12.2","language":"en","enabled_languages":["de","en"],"languages":{"de":{"title":true,"content":true,"excerpt":false},"en":{"title":false,"content":false,"excerpt":false}}},"_links":{"self":[{"href":"https:\/\/www.ursula-schregel.com\/en\/wp-json\/wp\/v2\/posts\/1168"}],"collection":[{"href":"https:\/\/www.ursula-schregel.com\/en\/wp-json\/wp\/v2\/posts"}],"about":[{"href":"https:\/\/www.ursula-schregel.com\/en\/wp-json\/wp\/v2\/types\/post"}],"author":[{"embeddable":true,"href":"https:\/\/www.ursula-schregel.com\/en\/wp-json\/wp\/v2\/users\/2"}],"replies":[{"embeddable":true,"href":"https:\/\/www.ursula-schregel.com\/en\/wp-json\/wp\/v2\/comments?post=1168"}],"version-history":[{"count":5,"href":"https:\/\/www.ursula-schregel.com\/en\/wp-json\/wp\/v2\/posts\/1168\/revisions"}],"predecessor-version":[{"id":1180,"href":"https:\/\/www.ursula-schregel.com\/en\/wp-json\/wp\/v2\/posts\/1168\/revisions\/1180"}],"wp:featuredmedia":[{"embeddable":true,"href":"https:\/\/www.ursula-schregel.com\/en\/wp-json\/wp\/v2\/media\/1171"}],"wp:attachment":[{"href":"https:\/\/www.ursula-schregel.com\/en\/wp-json\/wp\/v2\/media?parent=1168"}],"wp:term":[{"taxonomy":"category","embeddable":true,"href":"https:\/\/www.ursula-schregel.com\/en\/wp-json\/wp\/v2\/categories?post=1168"},{"taxonomy":"post_tag","embeddable":true,"href":"https:\/\/www.ursula-schregel.com\/en\/wp-json\/wp\/v2\/tags?post=1168"}],"curies":[{"name":"wp","href":"https:\/\/api.w.org\/{rel}","templated":true}]}}