{"id":1084,"date":"2017-08-22T21:31:42","date_gmt":"2017-08-22T20:31:42","guid":{"rendered":"http:\/\/ursula-schregel.com\/?p=1084"},"modified":"2017-08-25T20:06:02","modified_gmt":"2017-08-25T19:06:02","slug":"ausstellung-hommage-a-la-mere","status":"publish","type":"post","link":"https:\/\/www.ursula-schregel.com\/en\/ausstellung-hommage-a-la-mere","title":{"rendered":"Ausstellung \u201eHommage \u00e0 la MERe\u201c in der Alten Rentei"},"content":{"rendered":"<div id=\"pl-1084\"  class=\"panel-layout\" ><div id=\"pg-1084-0\"  class=\"panel-grid panel-no-style\" ><div id=\"pgc-1084-0-0\"  class=\"panel-grid-cell\" ><div id=\"panel-1084-0-0-0\" class=\"so-panel widget widget_sow-editor panel-first-child panel-last-child\" data-index=\"0\" ><div\n\t\t\t\n\t\t\tclass=\"so-widget-sow-editor so-widget-sow-editor-base\"\n\t\t\t\n\t\t>\n<div class=\"siteorigin-widget-tinymce textwidget\">\n\t<h3>In der \u201eAlten Rentei\u201c in Niederzier, dem denkmalgesch\u00fctzten P\u00e4chterhaus der Wasserburg Niederzier, wird die Ausstellung \u201eHommage \u00e0 la MERe\" am 29. September um 19 Uhr er\u00f6ffnet, die ich meiner verstorbenen Mutter Leonore Alich (1929-2007) widme.<\/h3>\n<p>\u00a0<\/p>\n<figure id=\"attachment_1088\" aria-describedby=\"caption-attachment-1088\" style=\"width: 264px\" class=\"wp-caption alignleft\"><img decoding=\"async\" loading=\"lazy\" class=\"wp-image-1088 size-medium\" src=\"http:\/\/ursula-schregel.com\/wp-content\/uploads\/2017\/08\/Leonore_Alich_sw-264x300.jpg\" alt=\"Leonore Alich\" width=\"264\" height=\"300\" srcset=\"https:\/\/www.ursula-schregel.com\/wp-content\/uploads\/2017\/08\/Leonore_Alich_sw-264x300.jpg 264w, https:\/\/www.ursula-schregel.com\/wp-content\/uploads\/2017\/08\/Leonore_Alich_sw-768x871.jpg 768w, https:\/\/www.ursula-schregel.com\/wp-content\/uploads\/2017\/08\/Leonore_Alich_sw.jpg 900w\" sizes=\"(max-width: 264px) 100vw, 264px\" \/><figcaption id=\"caption-attachment-1088\" class=\"wp-caption-text\">Leonore Alich (1929-2007)<\/figcaption><\/figure>\n<p>Anl\u00e4sslich des 10. Todestages meiner Mutter stellen wir zum ersten Mal unsere Werke gemeinsam aus. Aus ihren umfangreichen Arbeiten werden ihre \u201eNagelbilder\u201c gezeigt, Werke aus ihrer letzten Schaffensphase. Der Titel der Ausstellung spielt mit den Worten la mer (das Meer) und la m\u00e8re (die Mutter), die im Franz\u00f6sischen gleich ausgesprochen, aber verschieden geschrieben werden. Auch meine Mutter hat, wie ich, nicht nur viele Jahre in Niederzier gelebt, sondern auch in der N\u00e4he des nordfranz\u00f6sischen Seebades Le Touquet-Paris-Plage, an der C\u00f4te d\u2019Opale K\u00fcste, die f\u00fcr uns beide zur zweiten Heimat wurde.<\/p>\n<p>\u201eHommage \u00e0 la MERe\u201c in der \u201eAlten Rentei\u201c, in der auch meine Mutter seinerzeit schon ausgestellt hat, ist ein Dankesch\u00f6n an sie. Sie hat mich sehr fr\u00fch an Kunst herangef\u00fchrt und war von meinen malerischen F\u00e4higkeiten \u00fcberzeugt. Aber die Anerkennung und Wertsch\u00e4tzung ihrer k\u00fcnstlerischen Arbeit war f\u00fcr mich pers\u00f6nlich fast eine Art Hemmschuh. Erst vor knapp drei Jahren bin ich auf Umwegen zur Malerei gekommen.<\/p>\n<p>Im Rahmen der Ausstellung erscheint eine limitierte und signierte 6-teilige Fineartprint Sonderedition \u201ehaut en couleur\u201c, 2017 in 10-er Auflage im A3-Format.\u00a0Er\u00f6ffnet wird \u201eHommage \u00e0 la MERe\u201c am Freitag, den 29. September um 19:00 Uhr durch B\u00fcrgermeister Hermann Heuser in der \u201eAlten Rentei\u201c (<a href=\"https:\/\/goo.gl\/maps\/SmNL5KtZht82\" target=\"_blank\" rel=\"noopener\" data-jsb_prepared=\"1vtsfcl3cs\">Rathausstr. 8, 52382 Niederzier<\/a>). Die Einf\u00fchrung \u00fcbernimmt die Kunstwissenschaftlerin und ehemalige Direktorin des D\u00fcrener Leopold-Hoesch-Museums Dr. Dorothea Eimert. Musikalisch umrahmt die Vernissage der <a href=\"http:\/\/alan-arif.de\" target=\"_blank\" rel=\"noopener\" data-jsb_prepared=\"t92gyltouu\">Geigenvirtuose Alan Arif<\/a>.<\/p>\n<\/div>\n<\/div><\/div><\/div><\/div><div id=\"pg-1084-1\"  class=\"panel-grid panel-no-style\" ><div id=\"pgc-1084-1-0\"  class=\"panel-grid-cell\" ><div id=\"panel-1084-1-0-0\" class=\"so-panel widget widget_sow-image panel-first-child panel-last-child\" data-index=\"1\" ><div\n\t\t\t\n\t\t\tclass=\"so-widget-sow-image so-widget-sow-image-default-8b5b6f678277-1084\"\n\t\t\t\n\t\t>\n\n<div class=\"sow-image-container\">\n\t\t<img src=\"https:\/\/www.ursula-schregel.com\/wp-content\/uploads\/2017\/08\/web_Leonore_Alich-2.jpg\" width=\"675\" height=\"900\" srcset=\"https:\/\/www.ursula-schregel.com\/wp-content\/uploads\/2017\/08\/web_Leonore_Alich-2.jpg 675w, https:\/\/www.ursula-schregel.com\/wp-content\/uploads\/2017\/08\/web_Leonore_Alich-2-225x300.jpg 225w\" sizes=\"(max-width: 675px) 100vw, 675px\" title=\"Nagelbild von Leonore Alich\" alt=\"Nagelbild von Leonore Alich\" loading=\"lazy\" \t\tclass=\"so-widget-image\"\/>\n\t<\/div>\n\n<h3 class=\"widget-title\">Nagelbild von Leonore Alich<\/h3><\/div><\/div><\/div><div id=\"pgc-1084-1-1\"  class=\"panel-grid-cell\" ><div id=\"panel-1084-1-1-0\" class=\"so-panel widget widget_sow-image panel-first-child panel-last-child\" data-index=\"2\" ><div\n\t\t\t\n\t\t\tclass=\"so-widget-sow-image so-widget-sow-image-default-8b5b6f678277-1084\"\n\t\t\t\n\t\t>\n\n<div class=\"sow-image-container\">\n\t\t<img src=\"https:\/\/www.ursula-schregel.com\/wp-content\/uploads\/2017\/08\/web_Leonore_Alich-1.jpg\" width=\"675\" height=\"900\" srcset=\"https:\/\/www.ursula-schregel.com\/wp-content\/uploads\/2017\/08\/web_Leonore_Alich-1.jpg 675w, https:\/\/www.ursula-schregel.com\/wp-content\/uploads\/2017\/08\/web_Leonore_Alich-1-225x300.jpg 225w\" sizes=\"(max-width: 675px) 100vw, 675px\" title=\"Nagelbild von Leonore Alich\" alt=\"Nagelbild von Leonore Alich\" loading=\"lazy\" \t\tclass=\"so-widget-image\"\/>\n\t<\/div>\n\n<h3 class=\"widget-title\">Nagelbild von Leonore Alich<\/h3><\/div><\/div><\/div><\/div><div id=\"pg-1084-2\"  class=\"panel-grid panel-no-style\" ><div id=\"pgc-1084-2-0\"  class=\"panel-grid-cell\" ><div id=\"panel-1084-2-0-0\" class=\"so-panel widget widget_sow-editor panel-first-child panel-last-child\" data-index=\"3\" ><div\n\t\t\t\n\t\t\tclass=\"so-widget-sow-editor so-widget-sow-editor-base\"\n\t\t\t\n\t\t>\n<div class=\"siteorigin-widget-tinymce textwidget\">\n\t<p><strong>Alle Kunstinteressierten sind herzlich zur Er\u00f6ffnung eingeladen, zu der <a href=\"http:\/\/ursula-schregel.com\/ausstellung\" target=\"_blank\" rel=\"noopener\" data-jsb_prepared=\"c6w0w5yrh7\">Sie sich hier anmelden k\u00f6nnen<\/a>.<\/strong><\/p>\n<p>An den darauffolgenden Tagen, von Sa. 30. September bis Dienstag, 3. Oktober ist die Ausstellung jeweils von 11 bis 18 Uhr ge\u00f6ffnet. Ich werde w\u00e4hrend der gesamten Ausstellungsdauer vor Ort sein und freue mich auf Ihr Kommen.<\/p>\n<\/div>\n<\/div><\/div><\/div><\/div><div id=\"pg-1084-3\"  class=\"panel-grid panel-no-style\" ><div id=\"pgc-1084-3-0\"  class=\"panel-grid-cell\" ><div id=\"panel-1084-3-0-0\" class=\"so-panel widget widget_master-slider-main-widget master-slider-main-widget panel-first-child panel-last-child\" data-index=\"4\" ><h3 class=\"widget-title\">Signierte 6-teilige Fineartprint Sonderedition \u201ehaut en couleur\u201c von Ursula Schregel, 2017:<\/h3>\n\t\t<!-- MasterSlider -->\n\t\t<div id=\"P_MS69f5c307f1844\" class=\"master-slider-parent msl ms-parent-id-9\" style=\"max-width:1200px;\">\n\n\t\t\t\n\t\t\t<!-- MasterSlider Main -->\n\t\t\t<div id=\"MS69f5c307f1844\" class=\"master-slider ms-skin-light-6 round-skin\" >\n\t\t\t\t \t\t\t\t \n\t\t\t\t<div  class=\"ms-slide\" data-delay=\"3\" data-fill-mode=\"fill\"  >\n\t\t\t\t\t<img src=\"https:\/\/www.ursula-schregel.com\/wp-content\/plugins\/master-slider\/public\/assets\/css\/blank.gif\" alt=\"Fineartprint Sonderedition \u201ehaut en couleur\u201c Bild 1\" title=\"\" data-src=\"https:\/\/www.ursula-schregel.com\/wp-content\/uploads\/2017\/08\/web_Haut-en-Couleur_Bild-1.jpg\" \/>\n\n\n\t<div class=\"ms-thumb\" ><div class=\"ms-tab-context\"><div class=&quot;ms-tab-context&quot;><\/div><\/div>\n<\/div>\n\t\t\t\t<\/div>\n\t\t\t\t<div  class=\"ms-slide\" data-delay=\"3\" data-fill-mode=\"fill\"  >\n\t\t\t\t\t<img src=\"https:\/\/www.ursula-schregel.com\/wp-content\/plugins\/master-slider\/public\/assets\/css\/blank.gif\" alt=\"Fineartprint Sonderedition \u201ehaut en couleur\u201c \/ Bild 2\" title=\"\" data-src=\"https:\/\/www.ursula-schregel.com\/wp-content\/uploads\/2017\/08\/web_Haut-en-Couleur_Bild-2.jpg\" \/>\n\n\n\t<div class=\"ms-thumb\" ><div class=\"ms-tab-context\"><div class=&quot;ms-tab-context&quot;><\/div><\/div>\n<\/div>\n\t\t\t\t<\/div>\n\t\t\t\t<div  class=\"ms-slide\" data-delay=\"3\" data-fill-mode=\"fill\"  >\n\t\t\t\t\t<img src=\"https:\/\/www.ursula-schregel.com\/wp-content\/plugins\/master-slider\/public\/assets\/css\/blank.gif\" alt=\"Fineartprint Sonderedition \u201ehaut en couleur\u201c \/ Bild 3\" title=\"\" data-src=\"https:\/\/www.ursula-schregel.com\/wp-content\/uploads\/2017\/08\/web_Haut-en-Couleur_Bild-3.jpg\" \/>\n\n\n\t<div class=\"ms-thumb\" ><div class=\"ms-tab-context\"><div class=&quot;ms-tab-context&quot;><\/div><\/div>\n<\/div>\n\t\t\t\t<\/div>\n\t\t\t\t<div  class=\"ms-slide\" data-delay=\"3\" data-fill-mode=\"fill\"  >\n\t\t\t\t\t<img src=\"https:\/\/www.ursula-schregel.com\/wp-content\/plugins\/master-slider\/public\/assets\/css\/blank.gif\" alt=\"Fineartprint Sonderedition \u201ehaut en couleur\u201c Bild 4\" title=\"\" data-src=\"https:\/\/www.ursula-schregel.com\/wp-content\/uploads\/2017\/08\/web_Haut-en-Couleur_Bild-4.jpg\" \/>\n\n\n\t<div class=\"ms-thumb\" ><div class=\"ms-tab-context\"><div class=&quot;ms-tab-context&quot;><\/div><\/div>\n<\/div>\n\t\t\t\t<\/div>\n\t\t\t\t<div  class=\"ms-slide\" data-delay=\"3\" data-fill-mode=\"fill\"  >\n\t\t\t\t\t<img src=\"https:\/\/www.ursula-schregel.com\/wp-content\/plugins\/master-slider\/public\/assets\/css\/blank.gif\" alt=\"Fineartprint Sonderedition \u201ehaut en couleur\u201c \/ Bild 5\" title=\"\" data-src=\"https:\/\/www.ursula-schregel.com\/wp-content\/uploads\/2017\/08\/web_Haut-en-Couleur_Bild-5.jpg\" \/>\n\n\n\t<div class=\"ms-thumb\" ><div class=\"ms-tab-context\"><div class=&quot;ms-tab-context&quot;><\/div><\/div>\n<\/div>\n\t\t\t\t<\/div>\n\t\t\t\t<div  class=\"ms-slide\" data-delay=\"3\" data-fill-mode=\"fill\"  >\n\t\t\t\t\t<img src=\"https:\/\/www.ursula-schregel.com\/wp-content\/plugins\/master-slider\/public\/assets\/css\/blank.gif\" alt=\"Fineartprint Sonderedition \u201ehaut en couleur\u201c \/ Bild 6\" title=\"\" data-src=\"https:\/\/www.ursula-schregel.com\/wp-content\/uploads\/2017\/08\/web_Haut-en-Couleur_Bild-6.jpg\" \/>\n\n\n\t<div class=\"ms-thumb\" ><div class=\"ms-tab-context\"><div class=&quot;ms-tab-context&quot;><\/div><\/div>\n<\/div>\n\t\t\t\t<\/div>\n\n\t\t\t<\/div>\n\t\t\t<!-- END MasterSlider Main -->\n\n\t\t\t \n\t\t<\/div>\n\t\t<!-- END MasterSlider -->\n\n\t\t<script>\n\t\t(function ( $ ) {\n\t\t\t\"use strict\";\n\n\t\t\t$(function () {\n\t\t\t\tvar masterslider_1844 = new MasterSlider();\n\n\t\t\t\t\/\/ slider controls\n\t\t\t\tmasterslider_1844.control('arrows'     ,{ autohide:true, overVideo:true  });\t\t\t\tmasterslider_1844.control('bullets'    ,{ autohide:false, overVideo:true, dir:'h', align:'bottom' , margin:10  });\n\n\t\t\t\t\/\/ slider setup\n\t\t\t\tmasterslider_1844.setup(\"MS69f5c307f1844\", {\n\t\t\t\t\t\twidth           : 1200,\n\t\t\t\t\t\theight          : 900,\n\t\t\t\t\t\tminHeight       : 0,\n\t\t\t\t\t\tspace           : 0,\n\t\t\t\t\t\tstart           : 1,\n\t\t\t\t\t\tgrabCursor      : true,\n\t\t\t\t\t\tswipe           : true,\n\t\t\t\t\t\tmouse           : true,\n\t\t\t\t\t\tlayout          : \"boxed\",\n\t\t\t\t\t\twheel           : false,\n\t\t\t\t\t\tautoplay        : true,\n\t\t\t\t\t\tinstantStartLayers:false,\n\t\t\t\t\t\tloop            : true,\n\t\t\t\t\t\tshuffle         : false,\n\t\t\t\t\t\tpreload         : 0,\n\t\t\t\t\t\theightLimit     : true,\n\t\t\t\t\t\tautoHeight      : false,\n\t\t\t\t\t\tsmoothHeight    : true,\n\t\t\t\t\t\tendPause        : false,\n\t\t\t\t\t\toverPause       : false,\n\t\t\t\t\t\tfillMode        : \"fill\",\n\t\t\t\t\t\tcenterControls  : false,\n\t\t\t\t\t\tstartOnAppear   : false,\n\t\t\t\t\t\tlayersMode      : \"center\",\n\t\t\t\t\t\thideLayers      : false,\n\t\t\t\t\t\tfullscreenMargin: 0,\n\t\t\t\t\t\tspeed           : 15,\n\t\t\t\t\t\tdir             : \"h\",\n\t\t\t\t\t\tparallaxMode    : 'swipe',\n\t\t\t\t\t\tview            : \"fade\"\n\t\t\t\t});\n\n\t\t\t\t\n\t\t\t\twindow.masterslider_instances = window.masterslider_instances || [];\n\t\t\t\twindow.masterslider_instances.push( masterslider_1844 );\n\t\t\t });\n\n\t\t})(jQuery);\n\t\t<\/script>\n\n<\/div><\/div><\/div><\/div>","protected":false},"excerpt":{"rendered":"<p>In der \u201eAlten Rentei\u201c in Niederzier, dem denkmalgesch\u00fctzten P\u00e4chterhaus der Wasserburg Niederzier, wird die Ausstellung&#8230;<\/p>\n<div class=\"more-link-wrapper\"><a class=\"more-link\" href=\"https:\/\/www.ursula-schregel.com\/en\/ausstellung-hommage-a-la-mere\">Read the post<span class=\"screen-reader-text\">Ausstellung \u201eHommage \u00e0 la MERe\u201c in der Alten Rentei<\/span><\/a><\/div>\n","protected":false},"author":2,"featured_media":1086,"comment_status":"closed","ping_status":"closed","sticky":false,"template":"","format":"standard","meta":[],"categories":[1],"tags":[],"translation":{"provider":"WPGlobus","version":"2.12.2","language":"en","enabled_languages":["de","en"],"languages":{"de":{"title":true,"content":true,"excerpt":false},"en":{"title":false,"content":false,"excerpt":false}}},"_links":{"self":[{"href":"https:\/\/www.ursula-schregel.com\/en\/wp-json\/wp\/v2\/posts\/1084"}],"collection":[{"href":"https:\/\/www.ursula-schregel.com\/en\/wp-json\/wp\/v2\/posts"}],"about":[{"href":"https:\/\/www.ursula-schregel.com\/en\/wp-json\/wp\/v2\/types\/post"}],"author":[{"embeddable":true,"href":"https:\/\/www.ursula-schregel.com\/en\/wp-json\/wp\/v2\/users\/2"}],"replies":[{"embeddable":true,"href":"https:\/\/www.ursula-schregel.com\/en\/wp-json\/wp\/v2\/comments?post=1084"}],"version-history":[{"count":34,"href":"https:\/\/www.ursula-schregel.com\/en\/wp-json\/wp\/v2\/posts\/1084\/revisions"}],"predecessor-version":[{"id":1128,"href":"https:\/\/www.ursula-schregel.com\/en\/wp-json\/wp\/v2\/posts\/1084\/revisions\/1128"}],"wp:featuredmedia":[{"embeddable":true,"href":"https:\/\/www.ursula-schregel.com\/en\/wp-json\/wp\/v2\/media\/1086"}],"wp:attachment":[{"href":"https:\/\/www.ursula-schregel.com\/en\/wp-json\/wp\/v2\/media?parent=1084"}],"wp:term":[{"taxonomy":"category","embeddable":true,"href":"https:\/\/www.ursula-schregel.com\/en\/wp-json\/wp\/v2\/categories?post=1084"},{"taxonomy":"post_tag","embeddable":true,"href":"https:\/\/www.ursula-schregel.com\/en\/wp-json\/wp\/v2\/tags?post=1084"}],"curies":[{"name":"wp","href":"https:\/\/api.w.org\/{rel}","templated":true}]}}