{"id":1044,"date":"2017-06-30T22:51:38","date_gmt":"2017-06-30T21:51:38","guid":{"rendered":"http:\/\/ursula-schregel.com\/?p=1044"},"modified":"2017-06-30T22:51:38","modified_gmt":"2017-06-30T21:51:38","slug":"kreative-vielfalt-impressionen-von-der-artpul-eupen-2017","status":"publish","type":"post","link":"https:\/\/www.ursula-schregel.com\/en\/kreative-vielfalt-impressionen-von-der-artpul-eupen-2017","title":{"rendered":"Kreative Vielfalt \u2013 Impressionen von der art\u2019pu:l Eupen 2017"},"content":{"rendered":"<p>Vom 23.-25. Juni habe ich gemeinsam mit rund 30 K\u00fcnstlern aus Deutschland, Belgien, den Niederlanden und der Schweiz im herrlichen Ambiente des Kulturzentrums \u201eAlter Schlachthofs in Eupen bei der Kunstmesse art\u2019pu:l ausgestellt, die jetzt dort zum dritten Mal\u201c stattfand. Vielf\u00e4ltige Str\u00f6mungen aus Malerei, Zeichnungen, Skulpturen, Objekten, Fotografien und Installationen wurden auf der internationalen Messe deminteressierten Publikum aus der Euregio-Maas-Rhein in dem aufwendig restaurierten Komplex aus dem fr\u00fchen 20. Jahrhundert vorgestellt. Eine interessante und wieder einmal sehr bereichernde Erfahrung, direkt mit den Besucher in Kontakt treten zu k\u00f6nnen. Am Sonntagnachmittag hat Jo Pellenz von der kunstfirma a2b an meinem Stand eine Einf\u00fchrung in meine Werke gegeben. Auch an dieser Stelle noch einmal meinen herzlichen Dank an den K\u00fcnstlerkollegen f\u00fcr seine ausgezeichnete profunde Interpretation.<\/p>\n\n\t\t<!-- MasterSlider -->\n\t\t<div id=\"P_MS69f5a1cd1453b\" class=\"master-slider-parent msl ms-parent-id-8\" style=\"max-width:1200px;\">\n\n\t\t\t\n\t\t\t<!-- MasterSlider Main -->\n\t\t\t<div id=\"MS69f5a1cd1453b\" class=\"master-slider ms-skin-light-6 round-skin\" >\n\t\t\t\t \t\t\t\t \n\t\t\t\t<div  class=\"ms-slide\" data-delay=\"3\" data-fill-mode=\"fill\"  >\n\t\t\t\t\t<img src=\"https:\/\/www.ursula-schregel.com\/wp-content\/plugins\/master-slider\/public\/assets\/css\/blank.gif\" alt=\"Ursula Schregel bei der art&#039;pu:l Eupen 2017\" title=\"\" data-src=\"https:\/\/www.ursula-schregel.com\/wp-content\/uploads\/2017\/06\/IMG_1911.jpg\" \/>\n\n\n\t<div class=\"ms-thumb\" ><div class=\"ms-tab-context\"><div class=&quot;ms-tab-context&quot;><\/div><\/div>\n<\/div>\n\t\t\t\t<\/div>\n\t\t\t\t<div  class=\"ms-slide\" data-delay=\"3\" data-fill-mode=\"fill\"  >\n\t\t\t\t\t<img src=\"https:\/\/www.ursula-schregel.com\/wp-content\/plugins\/master-slider\/public\/assets\/css\/blank.gif\" alt=\"Ursula Schregel bei der art&#039;pu:l Eupen 2017\" title=\"\" data-src=\"https:\/\/www.ursula-schregel.com\/wp-content\/uploads\/2017\/06\/IMG_1923-e1498859143299.jpg\" \/>\n\n\n\t<div class=\"ms-thumb\" ><div class=\"ms-tab-context\"><div class=&quot;ms-tab-context&quot;><\/div><\/div>\n<\/div>\n\t\t\t\t<\/div>\n\t\t\t\t<div  class=\"ms-slide\" data-delay=\"3\" data-fill-mode=\"fill\"  >\n\t\t\t\t\t<img src=\"https:\/\/www.ursula-schregel.com\/wp-content\/plugins\/master-slider\/public\/assets\/css\/blank.gif\" alt=\"Ursula Schregel bei der art&#039;pu:l Eupen 2017\" title=\"\" data-src=\"https:\/\/www.ursula-schregel.com\/wp-content\/uploads\/2017\/06\/IMG_1924-e1498859057805.jpg\" \/>\n\n\n\t<div class=\"ms-thumb\" ><div class=\"ms-tab-context\"><div class=&quot;ms-tab-context&quot;><\/div><\/div>\n<\/div>\n\t\t\t\t<\/div>\n\t\t\t\t<div  class=\"ms-slide\" data-delay=\"3\" data-fill-mode=\"fill\"  >\n\t\t\t\t\t<img src=\"https:\/\/www.ursula-schregel.com\/wp-content\/plugins\/master-slider\/public\/assets\/css\/blank.gif\" alt=\"Ursula Schregel bei der art&#039;pu:l Eupen 2017\" title=\"\" data-src=\"https:\/\/www.ursula-schregel.com\/wp-content\/uploads\/2017\/06\/IMG_1925-e1498858973348.jpg\" \/>\n\n\n\t<div class=\"ms-thumb\" ><div class=\"ms-tab-context\"><div class=&quot;ms-tab-context&quot;><\/div><\/div>\n<\/div>\n\t\t\t\t<\/div>\n\n\t\t\t<\/div>\n\t\t\t<!-- END MasterSlider Main -->\n\n\t\t\t \n\t\t<\/div>\n\t\t<!-- END MasterSlider -->\n\n\t\t<script>\n\t\t(function ( $ ) {\n\t\t\t\"use strict\";\n\n\t\t\t$(function () {\n\t\t\t\tvar masterslider_453b = new MasterSlider();\n\n\t\t\t\t\/\/ slider controls\n\t\t\t\tmasterslider_453b.control('arrows'     ,{ autohide:true, overVideo:true  });\t\t\t\tmasterslider_453b.control('bullets'    ,{ autohide:false, overVideo:true, dir:'h', align:'bottom' , margin:10  });\n\n\t\t\t\t\/\/ slider setup\n\t\t\t\tmasterslider_453b.setup(\"MS69f5a1cd1453b\", {\n\t\t\t\t\t\twidth           : 1200,\n\t\t\t\t\t\theight          : 900,\n\t\t\t\t\t\tminHeight       : 0,\n\t\t\t\t\t\tspace           : 0,\n\t\t\t\t\t\tstart           : 1,\n\t\t\t\t\t\tgrabCursor      : true,\n\t\t\t\t\t\tswipe           : true,\n\t\t\t\t\t\tmouse           : true,\n\t\t\t\t\t\tlayout          : \"boxed\",\n\t\t\t\t\t\twheel           : false,\n\t\t\t\t\t\tautoplay        : true,\n\t\t\t\t\t\tinstantStartLayers:false,\n\t\t\t\t\t\tloop            : true,\n\t\t\t\t\t\tshuffle         : false,\n\t\t\t\t\t\tpreload         : 0,\n\t\t\t\t\t\theightLimit     : true,\n\t\t\t\t\t\tautoHeight      : false,\n\t\t\t\t\t\tsmoothHeight    : true,\n\t\t\t\t\t\tendPause        : false,\n\t\t\t\t\t\toverPause       : false,\n\t\t\t\t\t\tfillMode        : \"fill\",\n\t\t\t\t\t\tcenterControls  : false,\n\t\t\t\t\t\tstartOnAppear   : false,\n\t\t\t\t\t\tlayersMode      : \"center\",\n\t\t\t\t\t\thideLayers      : false,\n\t\t\t\t\t\tfullscreenMargin: 0,\n\t\t\t\t\t\tspeed           : 15,\n\t\t\t\t\t\tdir             : \"h\",\n\t\t\t\t\t\tparallaxMode    : 'swipe',\n\t\t\t\t\t\tview            : \"fade\"\n\t\t\t\t});\n\n\t\t\t\t\n\t\t\t\twindow.masterslider_instances = window.masterslider_instances || [];\n\t\t\t\twindow.masterslider_instances.push( masterslider_453b );\n\t\t\t });\n\n\t\t})(jQuery);\n\t\t<\/script>\n\n\n","protected":false},"excerpt":{"rendered":"<p>Vom 23.-25. Juni habe ich gemeinsam mit rund 30 K\u00fcnstlern aus Deutschland, Belgien, den Niederlanden&#8230;<\/p>\n<div class=\"more-link-wrapper\"><a class=\"more-link\" href=\"https:\/\/www.ursula-schregel.com\/en\/kreative-vielfalt-impressionen-von-der-artpul-eupen-2017\">Read the post<span class=\"screen-reader-text\">Kreative Vielfalt \u2013 Impressionen von der art\u2019pu:l Eupen 2017<\/span><\/a><\/div>\n","protected":false},"author":2,"featured_media":1040,"comment_status":"closed","ping_status":"closed","sticky":false,"template":"","format":"standard","meta":[],"categories":[1],"tags":[],"translation":{"provider":"WPGlobus","version":"2.12.2","language":"en","enabled_languages":["de","en"],"languages":{"de":{"title":true,"content":true,"excerpt":false},"en":{"title":false,"content":false,"excerpt":false}}},"_links":{"self":[{"href":"https:\/\/www.ursula-schregel.com\/en\/wp-json\/wp\/v2\/posts\/1044"}],"collection":[{"href":"https:\/\/www.ursula-schregel.com\/en\/wp-json\/wp\/v2\/posts"}],"about":[{"href":"https:\/\/www.ursula-schregel.com\/en\/wp-json\/wp\/v2\/types\/post"}],"author":[{"embeddable":true,"href":"https:\/\/www.ursula-schregel.com\/en\/wp-json\/wp\/v2\/users\/2"}],"replies":[{"embeddable":true,"href":"https:\/\/www.ursula-schregel.com\/en\/wp-json\/wp\/v2\/comments?post=1044"}],"version-history":[{"count":1,"href":"https:\/\/www.ursula-schregel.com\/en\/wp-json\/wp\/v2\/posts\/1044\/revisions"}],"predecessor-version":[{"id":1045,"href":"https:\/\/www.ursula-schregel.com\/en\/wp-json\/wp\/v2\/posts\/1044\/revisions\/1045"}],"wp:featuredmedia":[{"embeddable":true,"href":"https:\/\/www.ursula-schregel.com\/en\/wp-json\/wp\/v2\/media\/1040"}],"wp:attachment":[{"href":"https:\/\/www.ursula-schregel.com\/en\/wp-json\/wp\/v2\/media?parent=1044"}],"wp:term":[{"taxonomy":"category","embeddable":true,"href":"https:\/\/www.ursula-schregel.com\/en\/wp-json\/wp\/v2\/categories?post=1044"},{"taxonomy":"post_tag","embeddable":true,"href":"https:\/\/www.ursula-schregel.com\/en\/wp-json\/wp\/v2\/tags?post=1044"}],"curies":[{"name":"wp","href":"https:\/\/api.w.org\/{rel}","templated":true}]}}