{"id":1002,"date":"2017-05-19T18:43:15","date_gmt":"2017-05-19T17:43:15","guid":{"rendered":"http:\/\/ursula-schregel.com\/?p=1002"},"modified":"2017-06-10T15:46:02","modified_gmt":"2017-06-10T14:46:02","slug":"ursula-schregel-bei-art-pulheim","status":"publish","type":"post","link":"https:\/\/www.ursula-schregel.com\/en\/ursula-schregel-bei-art-pulheim","title":{"rendered":"Ursula Schregel jetzt zum ersten Mal bei der art&#8217;pu:l Pulheim"},"content":{"rendered":"<h3>Nun schon zum 7. Mal pr\u00e4sentiert die\u00a0art&#8217;pu:l\u00a0Pulheim\u00a02017 von Freitag den 07.07. bis Sonntag, den 09.07.2017\u00a0aktuelle internationale Kunst in den historischen Hallen des Walzwerks Pulheim.<\/h3>\n<p>Auf 4.000 qm und mit \u00fcber 100 teilnehmenden K\u00fcnstlerinnen und K\u00fcnstlern aus dem In- und Ausland ist die\u00a0art&#8217;pu:l Pulheim die gr\u00f6\u00dfte Produzentenmesse im Rheinland.\u00a0Die \u201ealternative\u201c Kunstmesse unter dem Namen art&#8217;pu:l ist l\u00e4ngst ein Tipp f\u00fcr alle, die neue, aufstrebende k\u00fcnstlerische Positionen entdecken wollen. Der gemeinsame Auftritt regionaler wie internationaler K\u00fcnstlerinnen und K\u00fcnstler sowie die Auswahl miteinander kommunizierender Werkepr\u00e4sentation garantiert f\u00fcr das Publikum einen individuellen repr\u00e4sentativen Querschnitt zeitgen\u00f6ssischer bildender Kunst.<\/p>\n<p>Die art&#8217;pu:l bietet jungen Sammlerinnen und Sammlern die M\u00f6glichkeit, losgel\u00f6st vom Kontext des klassischen institutionellen Kunstmarkts durch direkten Austausch mit Kunstproduzentinnen und -produzenten ihr eigenes Know-how ebenso zu erweitern wie ihre Sammlungen. Auch bei Fachbesuchern wie Galeristen und Kunstagenten hat die art&#8217;pu:l als Akquisepool f\u00fcr neue Kooperationen mit Kunstschaffenden einen festen Eintrag im Terminkalender. Die hohen Verkaufszahlen \u2013 mehr als 85 Prozent der K\u00fcnstlerinnen und K\u00fcnstler verkaufen Werke im Rahmen der Messe \u2013 belegen den steigenden Stellenwert der Messe im modernen Kunstmarkt.<\/p>\n<p>Weitere Informationen:\u00a0<a href=\"https:\/\/pulheim.artpul.de\/app_2017\/\" target=\"_blank\" rel=\"noopener noreferrer\">www.pulheim.artpul.de<\/a><\/p>\n","protected":false},"excerpt":{"rendered":"<p>Nun schon zum 7. Mal pr\u00e4sentiert die\u00a0art&#8217;pu:l\u00a0Pulheim\u00a02017 von Freitag den 07.07. bis Sonntag, den 09.07.2017\u00a0aktuelle&#8230;<\/p>\n<div class=\"more-link-wrapper\"><a class=\"more-link\" href=\"https:\/\/www.ursula-schregel.com\/en\/ursula-schregel-bei-art-pulheim\">Read the post<span class=\"screen-reader-text\">Ursula Schregel jetzt zum ersten Mal bei der art&#8217;pu:l Pulheim<\/span><\/a><\/div>\n","protected":false},"author":2,"featured_media":1004,"comment_status":"closed","ping_status":"closed","sticky":false,"template":"","format":"standard","meta":[],"categories":[1],"tags":[],"translation":{"provider":"WPGlobus","version":"2.12.2","language":"en","enabled_languages":["de","en"],"languages":{"de":{"title":true,"content":true,"excerpt":false},"en":{"title":false,"content":false,"excerpt":false}}},"_links":{"self":[{"href":"https:\/\/www.ursula-schregel.com\/en\/wp-json\/wp\/v2\/posts\/1002"}],"collection":[{"href":"https:\/\/www.ursula-schregel.com\/en\/wp-json\/wp\/v2\/posts"}],"about":[{"href":"https:\/\/www.ursula-schregel.com\/en\/wp-json\/wp\/v2\/types\/post"}],"author":[{"embeddable":true,"href":"https:\/\/www.ursula-schregel.com\/en\/wp-json\/wp\/v2\/users\/2"}],"replies":[{"embeddable":true,"href":"https:\/\/www.ursula-schregel.com\/en\/wp-json\/wp\/v2\/comments?post=1002"}],"version-history":[{"count":4,"href":"https:\/\/www.ursula-schregel.com\/en\/wp-json\/wp\/v2\/posts\/1002\/revisions"}],"predecessor-version":[{"id":1033,"href":"https:\/\/www.ursula-schregel.com\/en\/wp-json\/wp\/v2\/posts\/1002\/revisions\/1033"}],"wp:featuredmedia":[{"embeddable":true,"href":"https:\/\/www.ursula-schregel.com\/en\/wp-json\/wp\/v2\/media\/1004"}],"wp:attachment":[{"href":"https:\/\/www.ursula-schregel.com\/en\/wp-json\/wp\/v2\/media?parent=1002"}],"wp:term":[{"taxonomy":"category","embeddable":true,"href":"https:\/\/www.ursula-schregel.com\/en\/wp-json\/wp\/v2\/categories?post=1002"},{"taxonomy":"post_tag","embeddable":true,"href":"https:\/\/www.ursula-schregel.com\/en\/wp-json\/wp\/v2\/tags?post=1002"}],"curies":[{"name":"wp","href":"https:\/\/api.w.org\/{rel}","templated":true}]}}